{"id":4033,"date":"2021-04-26T21:52:31","date_gmt":"2021-04-26T19:52:31","guid":{"rendered":"http:\/\/aeroklubelblaski.pl\/?p=2033"},"modified":"2021-04-26T21:52:31","modified_gmt":"2021-04-26T19:52:31","slug":"dodatkowy-nabor-na-szkolenie-ppla-do-28-04-2021","status":"publish","type":"post","link":"http:\/\/aeroklubelblaski.pl\/index.php\/2021\/04\/26\/dodatkowy-nabor-na-szkolenie-ppla-do-28-04-2021\/","title":{"rendered":"Dodatkowy nab\u00f3r na szkolenie PPL(A) &#8211; do 28.04.2021"},"content":{"rendered":"<p>Uwaga! W zwi\u0105zku z bardzo du\u017cym zainteresowaniem szkoleniem PPL(A) og\u0142aszamy nab\u00f3r na <strong>dodatkowy kurs teoretyczny<\/strong> prowadzony w formie hybrydowej!<br \/>\nZapisy mailowe (biuro@aeroklubelblaski.pl) przyjmujemy <strong>do 28.04.2021 r.<\/strong> Nie czekaj! Ilo\u015b\u0107 miejsc ograniczona ?<\/p>\n<p>Due to the huge reception of our PPL (A) training, we are announcing recruitment for an <strong>additional theoretical course<\/strong> conducted in a hybrid form!<br \/>\nWe&#8217;re waiting for your registration by e-mail (biuro@aeroklubelblaski.pl) until <strong>April 28, 2021<\/strong>. Don&#8217;t wait! The number of places is limited!<\/p>\n","protected":false},"excerpt":{"rendered":"<p>Uwaga! W zwi\u0105zku z bardzo du\u017cym zainteresowaniem szkoleniem PPL(A) og\u0142aszamy nab\u00f3r na dodatkowy kurs teoretyczny prowadzony w formie hybrydowej! Zapisy mailowe (biuro@aeroklubelblaski.pl) przyjmujemy do 28.04.2021 r. Nie czekaj! Ilo\u015b\u0107 miejsc ograniczona ? Due to the huge reception of our PPL (A) training, we are announcing recruitment for an additional theoretical course conducted in a hybrid [&hellip;]<\/p>\n","protected":false},"author":6,"featured_media":2005,"comment_status":"closed","ping_status":"open","sticky":false,"template":"","format":"standard","meta":{"_et_pb_use_builder":"","_et_pb_old_content":"","_et_gb_content_width":""},"categories":[],"tags":[],"_links":{"self":[{"href":"http:\/\/aeroklubelblaski.pl\/index.php\/wp-json\/wp\/v2\/posts\/4033"}],"collection":[{"href":"http:\/\/aeroklubelblaski.pl\/index.php\/wp-json\/wp\/v2\/posts"}],"about":[{"href":"http:\/\/aeroklubelblaski.pl\/index.php\/wp-json\/wp\/v2\/types\/post"}],"author":[{"embeddable":true,"href":"http:\/\/aeroklubelblaski.pl\/index.php\/wp-json\/wp\/v2\/users\/6"}],"replies":[{"embeddable":true,"href":"http:\/\/aeroklubelblaski.pl\/index.php\/wp-json\/wp\/v2\/comments?post=4033"}],"version-history":[{"count":0,"href":"http:\/\/aeroklubelblaski.pl\/index.php\/wp-json\/wp\/v2\/posts\/4033\/revisions"}],"wp:featuredmedia":[{"embeddable":true,"href":"http:\/\/aeroklubelblaski.pl\/index.php\/wp-json\/wp\/v2\/media\/2005"}],"wp:attachment":[{"href":"http:\/\/aeroklubelblaski.pl\/index.php\/wp-json\/wp\/v2\/media?parent=4033"}],"wp:term":[{"taxonomy":"category","embeddable":true,"href":"http:\/\/aeroklubelblaski.pl\/index.php\/wp-json\/wp\/v2\/categories?post=4033"},{"taxonomy":"post_tag","embeddable":true,"href":"http:\/\/aeroklubelblaski.pl\/index.php\/wp-json\/wp\/v2\/tags?post=4033"}],"curies":[{"name":"wp","href":"https:\/\/api.w.org\/{rel}","templated":true}]}}