{"id":3874,"date":"2021-03-08T21:22:47","date_gmt":"2021-03-08T19:22:47","guid":{"rendered":"http:\/\/aeroklubelblaski.pl\/?p=1874"},"modified":"2021-03-08T21:22:47","modified_gmt":"2021-03-08T19:22:47","slug":"nabor-na-szkolenia-szybowcowe-i-samolotowe","status":"publish","type":"post","link":"http:\/\/aeroklubelblaski.pl\/index.php\/2021\/03\/08\/nabor-na-szkolenia-szybowcowe-i-samolotowe\/","title":{"rendered":"Nab\u00f3r na szkolenia szybowcowe i samolotowe"},"content":{"rendered":"<p><strong>OG\u0141ASZAMY NAB\u00d3R NA PODSTAWOWE SZKOLENIE SZYBOWCOWE I SZKOLENIE SAMOLOTOWE DO LICENCJI PPL(A)<\/strong><\/p>\n<p>Szkolenie teoretyczne w formie wideokonferencji rozpoczyna si\u0119:<br \/>\n&#8211; 27.03.2021 r. \u2013 kurs teoretyczny dla grupy samolotowej (PPL(A)),<br \/>\n&#8211; 01.05.2021 r. \u2013 kurs teoretyczny dla grupy szybowcowej.<\/p>\n<p>Szkolenie praktyczne do licencji PPL(A) rozpocznie si\u0119 po zako\u0144czonym szkoleniu teoretycznym.Kandydat\u00f3w, kt\u00f3rzy uko\u0144czyli szkolenie teoretyczne w innym o\u015brodku szkolenia, zapraszamy do kontaktu w celu um\u00f3wienia terminu rozpocz\u0119cia kursu praktycznego.<\/p>\n<p>Planowany termin rozpocz\u0119cia praktycznego szkolenia szybowcowego to 03.07.2021 r.<\/p>\n<p style=\"color:blue\">Zg\u0142oszenia przyjmujemy telefonicznie(668 049 683) lub mailowo: biuro@aeroklubelblaski.pl<\/p>\n<p>Termin na zg\u0142oszenie:<br \/>\n&#8211; kurs teoretyczny PPL(A): do 24.03.2021 r.<br \/>\n&#8211; kurs teoretyczny szybowcowy: do 12.04.2021 r.<\/p>\n<p style=\"color:red\">GWARANTUJEMY PROFESJONALNE PODEJ\u015aCIE, PRZYJAZN\u0104 ATMOSFER\u0118 I DU\u017b\u0104 DOST\u0118PNO\u015a\u0106 SPRZ\u0118TU!<\/p>\n<p><em>WE ARE ANNOUNCING RECRUITMENT FOR BASIC GLIDER TRAINING AND AIRPLANE TRAINING FOR PPL (A) LICENSE<\/em><\/p>\n<p><em>Theoretical training in the form of a videoconference begins:<\/em><br \/>\n<em>&#8211; 27\/03\/2021 &#8211; theoretical course for the aircraft group (PPL (A)),<\/em><br \/>\n<em>&#8211; 01\/05\/2021 &#8211; theoretical course for the glider group.<\/em><br \/>\n<em>Practical training for the PPL (A) license will start after the theoretical part.<\/em><br \/>\n<em>Candidates who have completed the theoretical training in another training center, please contact us to arrange the start of the practical course.<\/em><br \/>\n<em>The planned date for the commencement of the practical glider training is 07\/03\/2021.<\/em><br \/>\n<em>We accept applications by phone call (668 049 683) or by e-mail: biuro@aeroklubelblaski.pl<\/em><br \/>\n<em>Deadline for application:<\/em><br \/>\n<em>&#8211; PPL (A) theoretical course: until March 24, 2021<\/em><br \/>\n<em>&#8211; gliding theoretical course: until April 12, 2021<\/em><br \/>\n<em>WE GUARANTEE A PROFESSIONAL APPROACH, FRIENDLY ATMOSPHERE AND HIGH EQUIPMENT AVAILABILITY!<\/em><\/p>\n<p><img loading=\"lazy\" class=\"alignleft size-large wp-image-1875\" src=\"http:\/\/aeroklubelblaski.pl\/wp-content\/uploads\/2021\/03\/naborAE-1024x1024.jpg\" alt=\"\" width=\"584\" height=\"584\"\/><\/p>\n","protected":false},"excerpt":{"rendered":"<p>OG\u0141ASZAMY NAB\u00d3R NA PODSTAWOWE SZKOLENIE SZYBOWCOWE I SZKOLENIE SAMOLOTOWE DO LICENCJI PPL(A) Szkolenie teoretyczne w formie wideokonferencji rozpoczyna si\u0119: &#8211; 27.03.2021 r. \u2013 kurs teoretyczny dla grupy samolotowej (PPL(A)), &#8211; 01.05.2021 r. \u2013 kurs teoretyczny dla grupy szybowcowej. Szkolenie praktyczne do licencji PPL(A) rozpocznie si\u0119 po zako\u0144czonym szkoleniu teoretycznym.Kandydat\u00f3w, kt\u00f3rzy uko\u0144czyli szkolenie teoretyczne w innym [&hellip;]<\/p>\n","protected":false},"author":6,"featured_media":0,"comment_status":"closed","ping_status":"open","sticky":false,"template":"","format":"standard","meta":{"_et_pb_use_builder":"","_et_pb_old_content":"","_et_gb_content_width":""},"categories":[],"tags":[],"_links":{"self":[{"href":"http:\/\/aeroklubelblaski.pl\/index.php\/wp-json\/wp\/v2\/posts\/3874"}],"collection":[{"href":"http:\/\/aeroklubelblaski.pl\/index.php\/wp-json\/wp\/v2\/posts"}],"about":[{"href":"http:\/\/aeroklubelblaski.pl\/index.php\/wp-json\/wp\/v2\/types\/post"}],"author":[{"embeddable":true,"href":"http:\/\/aeroklubelblaski.pl\/index.php\/wp-json\/wp\/v2\/users\/6"}],"replies":[{"embeddable":true,"href":"http:\/\/aeroklubelblaski.pl\/index.php\/wp-json\/wp\/v2\/comments?post=3874"}],"version-history":[{"count":0,"href":"http:\/\/aeroklubelblaski.pl\/index.php\/wp-json\/wp\/v2\/posts\/3874\/revisions"}],"wp:attachment":[{"href":"http:\/\/aeroklubelblaski.pl\/index.php\/wp-json\/wp\/v2\/media?parent=3874"}],"wp:term":[{"taxonomy":"category","embeddable":true,"href":"http:\/\/aeroklubelblaski.pl\/index.php\/wp-json\/wp\/v2\/categories?post=3874"},{"taxonomy":"post_tag","embeddable":true,"href":"http:\/\/aeroklubelblaski.pl\/index.php\/wp-json\/wp\/v2\/tags?post=3874"}],"curies":[{"name":"wp","href":"https:\/\/api.w.org\/{rel}","templated":true}]}}