{"id":3869,"date":"2021-03-05T21:04:59","date_gmt":"2021-03-05T19:04:59","guid":{"rendered":"http:\/\/aeroklubelblaski.pl\/?p=1869"},"modified":"2021-03-05T21:07:15","modified_gmt":"2021-03-05T19:07:15","slug":"kwt-bl-2021","status":"publish","type":"post","link":"http:\/\/aeroklubelblaski.pl\/index.php\/2021\/03\/05\/kwt-bl-2021\/","title":{"rendered":"BL i KWT 2021 &#8211; 13.03.2021"},"content":{"rendered":"<p>Poniewa\u017c sezon lotny zbli\u017ca si\u0119 wielkimi krokami, jak co roku organizujemy Konferencj\u0119 Bezpiecze\u0144stwa Lot\u00f3w po\u0142\u0105czon\u0105 z Kontrol\u0105 Wiadomo\u015bci Teoretycznych. Na Konferencji om\u00f3wimy bie\u017c\u0105ce sprawy dotycz\u0105ce bezpiecze\u0144stwa i organizacji lot\u00f3w, ogranicze\u0144 operacyjnych, oraz wybrane zdarzenia lotnicze z kraju i ze \u015bwiata.<\/p>\n<p style=\"color: green;\">Udzia\u0142 wzi\u0105\u0107 powinni wszyscy nasi uczniowie i piloci!<\/p>\n<p><strong>Sobota, 13 marca 2021, godz. 10:00<\/strong><\/p>\n<p>Zgodnie z obowi\u0105zuj\u0105cym re\u017cimem sanitarnym,<strong> konferencja odb\u0119dzie si\u0119 zdalnie<\/strong>. Do\u0142\u0105czy\u0107 mo\u017cna z dowolnego miejsca, wystarczy jedynie po\u0142\u0105czenie internetowe! Do wszystkich cz\u0142onk\u00f3w wy\u015blemy informacje drog\u0105 mailow\u0105.<\/p>\n<p>Do zobaczenia!<\/p>\n<p><img loading=\"lazy\" class=\"alignleft size-medium wp-image-1842\" src=\"http:\/\/aeroklubelblaski.pl\/wp-content\/uploads\/2021\/01\/odwr\u00f3cony-puchacz-800x450.jpg\" alt=\"\" width=\"800\" height=\"450\"\/><\/p>\n","protected":false},"excerpt":{"rendered":"<p>Poniewa\u017c sezon lotny zbli\u017ca si\u0119 wielkimi krokami, jak co roku organizujemy Konferencj\u0119 Bezpiecze\u0144stwa Lot\u00f3w po\u0142\u0105czon\u0105 z Kontrol\u0105 Wiadomo\u015bci Teoretycznych. Na Konferencji om\u00f3wimy bie\u017c\u0105ce sprawy dotycz\u0105ce bezpiecze\u0144stwa i organizacji lot\u00f3w, ogranicze\u0144 operacyjnych, oraz wybrane zdarzenia lotnicze z kraju i ze \u015bwiata. Udzia\u0142 wzi\u0105\u0107 powinni wszyscy nasi uczniowie i piloci! Sobota, 13 marca 2021, godz. 10:00 Zgodnie [&hellip;]<\/p>\n","protected":false},"author":6,"featured_media":1842,"comment_status":"closed","ping_status":"open","sticky":false,"template":"","format":"standard","meta":{"_et_pb_use_builder":"","_et_pb_old_content":"","_et_gb_content_width":""},"categories":[],"tags":[],"_links":{"self":[{"href":"http:\/\/aeroklubelblaski.pl\/index.php\/wp-json\/wp\/v2\/posts\/3869"}],"collection":[{"href":"http:\/\/aeroklubelblaski.pl\/index.php\/wp-json\/wp\/v2\/posts"}],"about":[{"href":"http:\/\/aeroklubelblaski.pl\/index.php\/wp-json\/wp\/v2\/types\/post"}],"author":[{"embeddable":true,"href":"http:\/\/aeroklubelblaski.pl\/index.php\/wp-json\/wp\/v2\/users\/6"}],"replies":[{"embeddable":true,"href":"http:\/\/aeroklubelblaski.pl\/index.php\/wp-json\/wp\/v2\/comments?post=3869"}],"version-history":[{"count":0,"href":"http:\/\/aeroklubelblaski.pl\/index.php\/wp-json\/wp\/v2\/posts\/3869\/revisions"}],"wp:featuredmedia":[{"embeddable":true,"href":"http:\/\/aeroklubelblaski.pl\/index.php\/wp-json\/wp\/v2\/media\/1842"}],"wp:attachment":[{"href":"http:\/\/aeroklubelblaski.pl\/index.php\/wp-json\/wp\/v2\/media?parent=3869"}],"wp:term":[{"taxonomy":"category","embeddable":true,"href":"http:\/\/aeroklubelblaski.pl\/index.php\/wp-json\/wp\/v2\/categories?post=3869"},{"taxonomy":"post_tag","embeddable":true,"href":"http:\/\/aeroklubelblaski.pl\/index.php\/wp-json\/wp\/v2\/tags?post=3869"}],"curies":[{"name":"wp","href":"https:\/\/api.w.org\/{rel}","templated":true}]}}