{"id":3860,"date":"2021-02-21T13:30:13","date_gmt":"2021-02-21T11:30:13","guid":{"rendered":"http:\/\/aeroklubelblaski.pl\/?p=1860"},"modified":"2021-02-21T13:30:47","modified_gmt":"2021-02-21T11:30:47","slug":"przekaz-swoj-1-procent","status":"publish","type":"post","link":"http:\/\/aeroklubelblaski.pl\/index.php\/2021\/02\/21\/przekaz-swoj-1-procent\/","title":{"rendered":"Przeka\u017c sw\u00f3j 1% Aeroklubowi Elbl\u0105skiemu!"},"content":{"rendered":"<p>Aeroklub Elbl\u0105ski jest dynamicznie rozwijaj\u0105c\u0105 si\u0119 Organizacj\u0105 Po\u017cytku Publicznego. To mi\u0119dzy innymi dzi\u0119ki Waszemu wsparciu jeste\u015bmy w stanie coraz lepiej szerzy\u0107 zainteresowanie lotnictwem i sportem w\u015br\u00f3d m\u0142odzie\u017cy i nie tylko!<\/p>\n<p>Je\u015bli chcesz nam pom\u00f3c, <strong>przeka\u017c nam sw\u00f3j 1% podatku<\/strong><br \/>\n&#8211; <a href=\"http:\/\/aeroklubelblaski.pl\/aeroklub\/przekaz-1\/\">wszystkie informacje znajdziesz tutaj<\/a>.<\/p>\n<p><img loading=\"lazy\" class=\"alignleft size-full wp-image-1288\" src=\"http:\/\/aeroklubelblaski.pl\/wp-content\/uploads\/2016\/03\/1procentt.jpg\" alt=\"\" width=\"750\" height=\"220\"\/><\/p>\n","protected":false},"excerpt":{"rendered":"<p>Aeroklub Elbl\u0105ski jest dynamicznie rozwijaj\u0105c\u0105 si\u0119 Organizacj\u0105 Po\u017cytku Publicznego. To mi\u0119dzy innymi dzi\u0119ki Waszemu wsparciu jeste\u015bmy w stanie coraz lepiej szerzy\u0107 zainteresowanie lotnictwem i sportem w\u015br\u00f3d m\u0142odzie\u017cy i nie tylko! Je\u015bli chcesz nam pom\u00f3c, przeka\u017c nam sw\u00f3j 1% podatku &#8211; wszystkie informacje znajdziesz tutaj.<\/p>\n","protected":false},"author":6,"featured_media":1288,"comment_status":"closed","ping_status":"open","sticky":false,"template":"","format":"standard","meta":{"_et_pb_use_builder":"","_et_pb_old_content":"","_et_gb_content_width":""},"categories":[],"tags":[],"_links":{"self":[{"href":"http:\/\/aeroklubelblaski.pl\/index.php\/wp-json\/wp\/v2\/posts\/3860"}],"collection":[{"href":"http:\/\/aeroklubelblaski.pl\/index.php\/wp-json\/wp\/v2\/posts"}],"about":[{"href":"http:\/\/aeroklubelblaski.pl\/index.php\/wp-json\/wp\/v2\/types\/post"}],"author":[{"embeddable":true,"href":"http:\/\/aeroklubelblaski.pl\/index.php\/wp-json\/wp\/v2\/users\/6"}],"replies":[{"embeddable":true,"href":"http:\/\/aeroklubelblaski.pl\/index.php\/wp-json\/wp\/v2\/comments?post=3860"}],"version-history":[{"count":0,"href":"http:\/\/aeroklubelblaski.pl\/index.php\/wp-json\/wp\/v2\/posts\/3860\/revisions"}],"wp:featuredmedia":[{"embeddable":true,"href":"http:\/\/aeroklubelblaski.pl\/index.php\/wp-json\/wp\/v2\/media\/1288"}],"wp:attachment":[{"href":"http:\/\/aeroklubelblaski.pl\/index.php\/wp-json\/wp\/v2\/media?parent=3860"}],"wp:term":[{"taxonomy":"category","embeddable":true,"href":"http:\/\/aeroklubelblaski.pl\/index.php\/wp-json\/wp\/v2\/categories?post=3860"},{"taxonomy":"post_tag","embeddable":true,"href":"http:\/\/aeroklubelblaski.pl\/index.php\/wp-json\/wp\/v2\/tags?post=3860"}],"curies":[{"name":"wp","href":"https:\/\/api.w.org\/{rel}","templated":true}]}}