{"id":3799,"date":"2020-07-30T22:30:53","date_gmt":"2020-07-30T20:30:53","guid":{"rendered":"http:\/\/aeroklubelblaski.pl\/?p=1799"},"modified":"2020-08-02T23:00:11","modified_gmt":"2020-08-02T21:00:11","slug":"festyn-lotniczy-przelozony","status":"publish","type":"post","link":"http:\/\/aeroklubelblaski.pl\/index.php\/2020\/07\/30\/festyn-lotniczy-przelozony\/","title":{"rendered":"Pokazy lotnicze prze\u0142o\u017cone"},"content":{"rendered":"<p>Z uwagi na panuj\u0105c\u0105 sytuacj\u0119 epidemiologiczn\u0105 jeste\u015bmy zmuszeni odwo\u0142a\u0107 planowan\u0105 sierpniow\u0105 imprez\u0119!<\/p>\n<p>Planujemy jednak zorganizowa\u0107 dla Was piknik w 2021 roku, wkr\u00f3tce podamy wi\u0119cej informacji &#8211; zapraszamy do \u015bledzenia naszej strony na Facebooku \ud83d\ude42<\/p>\n","protected":false},"excerpt":{"rendered":"<p>Z uwagi na panuj\u0105c\u0105 sytuacj\u0119 epidemiologiczn\u0105 jeste\u015bmy zmuszeni odwo\u0142a\u0107 planowan\u0105 sierpniow\u0105 imprez\u0119! Planujemy jednak zorganizowa\u0107 dla Was piknik w 2021 roku, wkr\u00f3tce podamy wi\u0119cej informacji &#8211; zapraszamy do \u015bledzenia naszej strony na Facebooku \ud83d\ude42<\/p>\n","protected":false},"author":6,"featured_media":0,"comment_status":"closed","ping_status":"open","sticky":false,"template":"","format":"standard","meta":{"_et_pb_use_builder":"","_et_pb_old_content":"","_et_gb_content_width":""},"categories":[],"tags":[],"_links":{"self":[{"href":"http:\/\/aeroklubelblaski.pl\/index.php\/wp-json\/wp\/v2\/posts\/3799"}],"collection":[{"href":"http:\/\/aeroklubelblaski.pl\/index.php\/wp-json\/wp\/v2\/posts"}],"about":[{"href":"http:\/\/aeroklubelblaski.pl\/index.php\/wp-json\/wp\/v2\/types\/post"}],"author":[{"embeddable":true,"href":"http:\/\/aeroklubelblaski.pl\/index.php\/wp-json\/wp\/v2\/users\/6"}],"replies":[{"embeddable":true,"href":"http:\/\/aeroklubelblaski.pl\/index.php\/wp-json\/wp\/v2\/comments?post=3799"}],"version-history":[{"count":0,"href":"http:\/\/aeroklubelblaski.pl\/index.php\/wp-json\/wp\/v2\/posts\/3799\/revisions"}],"wp:attachment":[{"href":"http:\/\/aeroklubelblaski.pl\/index.php\/wp-json\/wp\/v2\/media?parent=3799"}],"wp:term":[{"taxonomy":"category","embeddable":true,"href":"http:\/\/aeroklubelblaski.pl\/index.php\/wp-json\/wp\/v2\/categories?post=3799"},{"taxonomy":"post_tag","embeddable":true,"href":"http:\/\/aeroklubelblaski.pl\/index.php\/wp-json\/wp\/v2\/tags?post=3799"}],"curies":[{"name":"wp","href":"https:\/\/api.w.org\/{rel}","templated":true}]}}