{"id":3773,"date":"2020-04-03T16:54:43","date_gmt":"2020-04-03T14:54:43","guid":{"rendered":"http:\/\/aeroklubelblaski.pl\/?p=1773"},"modified":"2020-04-04T01:28:31","modified_gmt":"2020-04-03T23:28:31","slug":"wazne-informacje-nt-koronawirusa-bl-i-biezace-operacje","status":"publish","type":"post","link":"http:\/\/aeroklubelblaski.pl\/index.php\/2020\/04\/03\/wazne-informacje-nt-koronawirusa-bl-i-biezace-operacje\/","title":{"rendered":"Wa\u017cne informacje nt. koronawirusa &#8211; BL i bie\u017c\u0105ce operacje"},"content":{"rendered":"<p>W zwi\u0105zku z panuj\u0105cym w Polsce stanem epidemii Kierownik Odpowiedzialny postanawia co nast\u0119puje, od dnia 01.04.2020 do odwo\u0142ania:<\/p>\n<ol>\n<li><strong>Zakazuje si\u0119 zgromadze\u0144 wi\u0119cej ni\u017c dw\u00f3ch os\u00f3b<\/strong> na terenie Aeroklubu Elbl\u0105skiego i Lotniska Elbl\u0105g (EPEL),<\/li>\n<li>Wst\u0119p do budynku administracyjnego Aeroklubu Elbl\u0105skiego maj\u0105 tylko i wy\u0142\u0105cznie&nbsp;<strong>pracownicy etatowi Aeroklubu<\/strong>, a tak\u017ce&nbsp;<strong>w\u0142adze Aeroklubu oraz piloci&nbsp;<\/strong>chc\u0105cy przygotowa\u0107 si\u0119 do lotu czy uzyska\u0107 dost\u0119p do swoich dokument\u00f3w, z zachowaniem wszystkich wytycznych wydanych przez Rozporz\u0105dzenie Ministra Zdrowia, a tak\u017ce G\u0142\u00f3wnego Inspektora Sanitarnego,<\/li>\n<li><strong>Odwo\u0142uje si\u0119 wszystkie szkolenia grupowe (wi\u0119cej ni\u017c 2 osoby) personelu lotniczego<\/strong>,<\/li>\n<li>Zaplanowane na maj <strong>szkolenie teoretyczne szybowcowe b\u0119dzie realizowane<\/strong>&nbsp;tylko w formie&nbsp;<strong>e-learningu<\/strong>,<\/li>\n<li><strong>Do odwo\u0142ania zakazuje si\u0119 wykonywania lot\u00f3w szybowcowych oraz skok\u00f3w spadochronowych<\/strong> (do ich organizacji potrzeba wi\u0119cej ni\u017c dw\u00f3ch os\u00f3b),<\/li>\n<li><strong>Loty samolotowe s\u0105 dozwolone przy maksymalnie dw\u00f3ch osobach na pok\u0142adzie<\/strong>. Ch\u0119\u0107 wykonania lotu nale\u017cy zg\u0142osi\u0107 zgodnie z procedur\u0105 podan\u0105 do wiadomo\u015bci cz\u0142onk\u00f3w,<\/li>\n<li><strong>Tegoroczne KWT i BL zostaje odwo\u0142ane i zostanie zrealizowane drog\u0105 elektroniczn\u0105&nbsp;<\/strong>&#8211; cz\u0142onk\u00f3w prosimy o sprawdzenie e-maili.<\/li>\n<\/ol>\n<p>Pozdrawiamy i \u017cyczymy zdrowia!<\/p>\n","protected":false},"excerpt":{"rendered":"<p>W zwi\u0105zku z panuj\u0105cym w Polsce stanem epidemii Kierownik Odpowiedzialny postanawia co nast\u0119puje, od dnia 01.04.2020 do odwo\u0142ania: Zakazuje si\u0119 zgromadze\u0144 wi\u0119cej ni\u017c dw\u00f3ch os\u00f3b na terenie Aeroklubu Elbl\u0105skiego i Lotniska Elbl\u0105g (EPEL), Wst\u0119p do budynku administracyjnego Aeroklubu Elbl\u0105skiego maj\u0105 tylko i wy\u0142\u0105cznie&nbsp;pracownicy etatowi Aeroklubu, a tak\u017ce&nbsp;w\u0142adze Aeroklubu oraz piloci&nbsp;chc\u0105cy przygotowa\u0107 si\u0119 do lotu czy [&hellip;]<\/p>\n","protected":false},"author":6,"featured_media":845,"comment_status":"closed","ping_status":"open","sticky":false,"template":"","format":"standard","meta":{"_et_pb_use_builder":"","_et_pb_old_content":"","_et_gb_content_width":""},"categories":[],"tags":[],"_links":{"self":[{"href":"http:\/\/aeroklubelblaski.pl\/index.php\/wp-json\/wp\/v2\/posts\/3773"}],"collection":[{"href":"http:\/\/aeroklubelblaski.pl\/index.php\/wp-json\/wp\/v2\/posts"}],"about":[{"href":"http:\/\/aeroklubelblaski.pl\/index.php\/wp-json\/wp\/v2\/types\/post"}],"author":[{"embeddable":true,"href":"http:\/\/aeroklubelblaski.pl\/index.php\/wp-json\/wp\/v2\/users\/6"}],"replies":[{"embeddable":true,"href":"http:\/\/aeroklubelblaski.pl\/index.php\/wp-json\/wp\/v2\/comments?post=3773"}],"version-history":[{"count":0,"href":"http:\/\/aeroklubelblaski.pl\/index.php\/wp-json\/wp\/v2\/posts\/3773\/revisions"}],"wp:featuredmedia":[{"embeddable":true,"href":"http:\/\/aeroklubelblaski.pl\/index.php\/wp-json\/wp\/v2\/media\/845"}],"wp:attachment":[{"href":"http:\/\/aeroklubelblaski.pl\/index.php\/wp-json\/wp\/v2\/media?parent=3773"}],"wp:term":[{"taxonomy":"category","embeddable":true,"href":"http:\/\/aeroklubelblaski.pl\/index.php\/wp-json\/wp\/v2\/categories?post=3773"},{"taxonomy":"post_tag","embeddable":true,"href":"http:\/\/aeroklubelblaski.pl\/index.php\/wp-json\/wp\/v2\/tags?post=3773"}],"curies":[{"name":"wp","href":"https:\/\/api.w.org\/{rel}","templated":true}]}}