{"id":3763,"date":"2020-01-23T10:52:55","date_gmt":"2020-01-23T08:52:55","guid":{"rendered":"http:\/\/aeroklubelblaski.pl\/?p=1763"},"modified":"2020-01-23T10:52:55","modified_gmt":"2020-01-23T08:52:55","slug":"spotkanie-organizacyjne-ws-szkolen-lotniczych-2020","status":"publish","type":"post","link":"http:\/\/aeroklubelblaski.pl\/index.php\/2020\/01\/23\/spotkanie-organizacyjne-ws-szkolen-lotniczych-2020\/","title":{"rendered":"Spotkanie Organizacyjne ws. szkole\u0144 lotniczych 2020"},"content":{"rendered":"<p>Aeroklub Elbl\u0105ski zaprasza na spotkanie organizacyjne dotycz\u0105ce szkole\u0144 lotniczych(szybowcowych i samolotowych) organizowanych w roku 2020.<\/p>\n<p>Z roku na rok ro\u015bnie liczba szkol\u0105cych si\u0119 w AE! To dla nas wspania\u0142e wyr\u00f3\u017cnienie &nbsp; &nbsp; &nbsp; &nbsp; &nbsp; &nbsp; i olbrzymia odpowiedzialno\u015b\u0107 i wyzwanie. Dlatego staramy si\u0119 ci\u0105gle doskonali\u0107&nbsp;&nbsp;&nbsp;&nbsp;&nbsp;&nbsp;&nbsp;&nbsp;&nbsp;&nbsp;&nbsp;&nbsp;&nbsp; w prowadzonej dzia\u0142alno\u015bci szkoleniowej po to, by pierwsze koki lotnicze naszych uczni\u00f3w utkwi\u0142y im w pami\u0119ci i by\u0142y wst\u0119pem do wspania\u0142ej kariery lotniczej!<\/p>\n<p>Spotkanie odb\u0119dzie si\u0119 w sali wyk\u0142adowej AE przy ul. Lotniczej 8B, <strong>8 lutego 2020 roku&nbsp;&nbsp;&nbsp; o godz. 10:00<\/strong>. Zapraszamy jak najliczniej wszystkich zainteresowanych. Zg\u0142oszenia na szkolenia nale\u017cy wysy\u0142a\u0107 na mail: biuro@aeroklubelblaski.pl<\/p>\n<p><img loading=\"lazy\" class=\"alignnone size-medium wp-image-1764\" src=\"http:\/\/aeroklubelblaski.pl\/wp-content\/uploads\/2020\/01\/DSC01956-800x451.jpg\" alt=\"\" width=\"800\" height=\"451\"\/><\/p>\n","protected":false},"excerpt":{"rendered":"<p>Aeroklub Elbl\u0105ski zaprasza na spotkanie organizacyjne dotycz\u0105ce szkole\u0144 lotniczych(szybowcowych i samolotowych) organizowanych w roku 2020. Z roku na rok ro\u015bnie liczba szkol\u0105cych si\u0119 w AE! To dla nas wspania\u0142e wyr\u00f3\u017cnienie &nbsp; &nbsp; &nbsp; &nbsp; &nbsp; &nbsp; i olbrzymia odpowiedzialno\u015b\u0107 i wyzwanie. Dlatego staramy si\u0119 ci\u0105gle doskonali\u0107&nbsp;&nbsp;&nbsp;&nbsp;&nbsp;&nbsp;&nbsp;&nbsp;&nbsp;&nbsp;&nbsp;&nbsp;&nbsp; w prowadzonej dzia\u0142alno\u015bci szkoleniowej po to, by pierwsze koki [&hellip;]<\/p>\n","protected":false},"author":8,"featured_media":0,"comment_status":"closed","ping_status":"open","sticky":false,"template":"","format":"standard","meta":{"_et_pb_use_builder":"","_et_pb_old_content":"","_et_gb_content_width":""},"categories":[],"tags":[],"_links":{"self":[{"href":"http:\/\/aeroklubelblaski.pl\/index.php\/wp-json\/wp\/v2\/posts\/3763"}],"collection":[{"href":"http:\/\/aeroklubelblaski.pl\/index.php\/wp-json\/wp\/v2\/posts"}],"about":[{"href":"http:\/\/aeroklubelblaski.pl\/index.php\/wp-json\/wp\/v2\/types\/post"}],"author":[{"embeddable":true,"href":"http:\/\/aeroklubelblaski.pl\/index.php\/wp-json\/wp\/v2\/users\/8"}],"replies":[{"embeddable":true,"href":"http:\/\/aeroklubelblaski.pl\/index.php\/wp-json\/wp\/v2\/comments?post=3763"}],"version-history":[{"count":0,"href":"http:\/\/aeroklubelblaski.pl\/index.php\/wp-json\/wp\/v2\/posts\/3763\/revisions"}],"wp:attachment":[{"href":"http:\/\/aeroklubelblaski.pl\/index.php\/wp-json\/wp\/v2\/media?parent=3763"}],"wp:term":[{"taxonomy":"category","embeddable":true,"href":"http:\/\/aeroklubelblaski.pl\/index.php\/wp-json\/wp\/v2\/categories?post=3763"},{"taxonomy":"post_tag","embeddable":true,"href":"http:\/\/aeroklubelblaski.pl\/index.php\/wp-json\/wp\/v2\/tags?post=3763"}],"curies":[{"name":"wp","href":"https:\/\/api.w.org\/{rel}","templated":true}]}}