{"id":3757,"date":"2019-11-25T08:38:15","date_gmt":"2019-11-25T06:38:15","guid":{"rendered":"http:\/\/aeroklubelblaski.pl\/?p=1757"},"modified":"2019-11-25T08:38:15","modified_gmt":"2019-11-25T06:38:15","slug":"nowy-zarzad-ae","status":"publish","type":"post","link":"http:\/\/aeroklubelblaski.pl\/index.php\/2019\/11\/25\/nowy-zarzad-ae\/","title":{"rendered":"Nowy Zarz\u0105d AE"},"content":{"rendered":"<p>Mijaj\u0105cy weekend przyni\u00f3s\u0142 w Naszym Aeroklubie wybory do w\u0142adz stowarzyszenia na now\u0105 kadencj\u0119.<br \/>\nW sk\u0142ad Zarz\u0105du AE weszli: Grzegorz D\u0105bkowski, Sebastian Jab\u0142o\u0144ski, Micha\u0142 Jaremczuk, Piotr Koziarski, Zbigniew Ku\u015bmierz, Jacek Sobolewski.<br \/>\nKomisja Rewizyjna: Dariusz Brzykcy, Ryszard Ma\u0144ka, Zbigniew Le\u015bniak.<br \/>\nS\u0105d kole\u017ce\u0144ski: Piotr Kogut, Wac\u0142aw Kokot, Jaros\u0142aw Klekowiecki.<br \/>\nNowym w\u0142adzom AE \u017cyczymy samych sukces\u00f3w w budowaniu marki Naszego Aeroklubu!<\/p>\n","protected":false},"excerpt":{"rendered":"<p>Mijaj\u0105cy weekend przyni\u00f3s\u0142 w Naszym Aeroklubie wybory do w\u0142adz stowarzyszenia na now\u0105 kadencj\u0119. W sk\u0142ad Zarz\u0105du AE weszli: Grzegorz D\u0105bkowski, Sebastian Jab\u0142o\u0144ski, Micha\u0142 Jaremczuk, Piotr Koziarski, Zbigniew Ku\u015bmierz, Jacek Sobolewski. Komisja Rewizyjna: Dariusz Brzykcy, Ryszard Ma\u0144ka, Zbigniew Le\u015bniak. S\u0105d kole\u017ce\u0144ski: Piotr Kogut, Wac\u0142aw Kokot, Jaros\u0142aw Klekowiecki. Nowym w\u0142adzom AE \u017cyczymy samych sukces\u00f3w w budowaniu marki [&hellip;]<\/p>\n","protected":false},"author":6,"featured_media":0,"comment_status":"closed","ping_status":"open","sticky":false,"template":"","format":"standard","meta":{"_et_pb_use_builder":"","_et_pb_old_content":"","_et_gb_content_width":""},"categories":[],"tags":[],"_links":{"self":[{"href":"http:\/\/aeroklubelblaski.pl\/index.php\/wp-json\/wp\/v2\/posts\/3757"}],"collection":[{"href":"http:\/\/aeroklubelblaski.pl\/index.php\/wp-json\/wp\/v2\/posts"}],"about":[{"href":"http:\/\/aeroklubelblaski.pl\/index.php\/wp-json\/wp\/v2\/types\/post"}],"author":[{"embeddable":true,"href":"http:\/\/aeroklubelblaski.pl\/index.php\/wp-json\/wp\/v2\/users\/6"}],"replies":[{"embeddable":true,"href":"http:\/\/aeroklubelblaski.pl\/index.php\/wp-json\/wp\/v2\/comments?post=3757"}],"version-history":[{"count":0,"href":"http:\/\/aeroklubelblaski.pl\/index.php\/wp-json\/wp\/v2\/posts\/3757\/revisions"}],"wp:attachment":[{"href":"http:\/\/aeroklubelblaski.pl\/index.php\/wp-json\/wp\/v2\/media?parent=3757"}],"wp:term":[{"taxonomy":"category","embeddable":true,"href":"http:\/\/aeroklubelblaski.pl\/index.php\/wp-json\/wp\/v2\/categories?post=3757"},{"taxonomy":"post_tag","embeddable":true,"href":"http:\/\/aeroklubelblaski.pl\/index.php\/wp-json\/wp\/v2\/tags?post=3757"}],"curies":[{"name":"wp","href":"https:\/\/api.w.org\/{rel}","templated":true}]}}