{"id":3744,"date":"2019-09-02T10:45:02","date_gmt":"2019-09-02T08:45:02","guid":{"rendered":"http:\/\/aeroklubelblaski.pl\/?p=1744"},"modified":"2019-09-02T10:45:51","modified_gmt":"2019-09-02T08:45:51","slug":"1744","status":"publish","type":"post","link":"http:\/\/aeroklubelblaski.pl\/index.php\/2019\/09\/02\/1744\/","title":{"rendered":"FESTYN LOTNICZO RODZINNY 07.09.2019 &#8211; INFO ORGANIZACYJNE"},"content":{"rendered":"<h4 align=\"center\"><strong><span style=\"font-family: Calibri, sans-serif;\"><span style=\"font-size: large;\">Festyn Lotniczo \u2013 Rodzinny w Aeroklubie Elbl\u0105skim<\/span><\/span><\/strong><\/h4>\n<h4 align=\"center\"><em><span style=\"font-family: Calibri, sans-serif;\"><span style=\"font-size: large;\">07.09.2019<\/span><\/span><\/em><\/h4>\n<h4 align=\"center\"><span style=\"font-family: Calibri, sans-serif;\"><span style=\"font-size: large;\">Aeroklub Elbl\u0105ski zaprasza do uczestnictwa w kolejnej edycji Festynu Lotniczo \u2013 Rodzinnego!<\/span><\/span><\/h4>\n<h4 align=\"center\"><span style=\"font-family: Calibri, sans-serif;\"><span style=\"font-size: large;\">Festyn odb\u0119dzie si\u0119 dnia 07.09.2019 w godzinach 11:00-18:00 na terenie Lotniska Elbl\u0105g(EPEL)<\/span><\/span><\/h4>\n<h4 align=\"center\"><strong><span style=\"font-family: Calibri, sans-serif;\"><span style=\"font-size: large;\">Harmonogram Festynu<\/span><\/span><\/strong><\/h4>\n<h4 align=\"center\"><span style=\"font-family: Calibri, sans-serif;\"><span style=\"font-size: large;\">12:00 \u2013 Oficjalne rozpocz\u0119cie Festynu: kr\u00f3tkie wyst\u0105pienia<\/span><\/span><\/h4>\n<h4 align=\"center\"><span style=\"font-family: Calibri, sans-serif;\"><span style=\"font-size: large;\">13:00 \u2013 Rozpocz\u0119cie pokaz\u00f3w lotniczych(pokaz ptak\u00f3w drapie\u017cnych, <\/span><\/span><\/h4>\n<h4 align=\"center\"><span style=\"font-family: Calibri, sans-serif;\"><span style=\"font-size: large;\">SU 22, 2x Harvard, Chipmunk, TS-8 BIES)<\/span><\/span><\/h4>\n<h4 align=\"center\"><span style=\"font-family: Calibri, sans-serif;\"><span style=\"font-size: large;\">15:00-18:00 \u2013 aktywno\u015bci festynowe, loty zapoznawcze<\/span><\/span><\/h4>\n<h4 align=\"center\"><span style=\"font-family: Calibri, sans-serif;\"><span style=\"font-size: large;\">Od godz. 11:00 oferujemy loty zapoznawcze samolotowe(szczeg\u00f3\u0142y <\/span><\/span><\/h4>\n<h4 align=\"center\"><span style=\"font-family: Calibri, sans-serif;\"><span style=\"font-size: large;\">w namiocie Aeroklubu Elbl\u0105skiego)<\/span><\/span><\/h4>\n<p>&nbsp;<\/p>\n<h4 align=\"center\"><strong><span style=\"font-family: Calibri, sans-serif;\"><span style=\"font-size: large;\"><u>Przez ca\u0142y czas trwania festynu:<\/u><\/span><\/span><\/strong><\/h4>\n<h4 align=\"center\"><span style=\"font-family: Calibri, sans-serif;\"><span style=\"font-size: large;\">&#8211; wystawa statyczna statk\u00f3w powietrznych cywilnych i wojskowych(m.in. MI-8, MI-2)<\/span><\/span><\/h4>\n<h4 align=\"center\"><span style=\"font-family: Calibri, sans-serif;\"><span style=\"font-size: large;\">&#8211; wystawa statyczna s\u0142u\u017cb mundurowych(wojsko, policja, stra\u017c po\u017carna, stra\u017c graniczna, pogotowie ratunkowe)<\/span><\/span><\/h4>\n<h4 align=\"center\"><span style=\"font-family: Calibri, sans-serif;\"><span style=\"font-size: large;\">&#8211; stoiska gastronomiczna(m.in. 400 porcji darmowej wojskowej groch\u00f3wki przygotowanej przez WOG Elbl\u0105g)<\/span><\/span><\/h4>\n<h4 align=\"center\"><span style=\"font-family: Calibri, sans-serif;\"><span style=\"font-size: large;\">&#8211; stoiska zakupowe, zabawowe<\/span><\/span><\/h4>\n<h4 align=\"center\"><span style=\"font-family: Calibri, sans-serif;\"><span style=\"font-size: large;\">&#8211; strefa VIP dla oficjeli i pilot\u00f3w(specjalnie przygotowany namiot)<\/span><\/span><\/h4>\n<h4 align=\"center\"><span style=\"font-family: Calibri, sans-serif;\"><span style=\"font-size: large;\">Trzymajmy kciuki za pogod\u0119!<\/span><\/span><\/h4>\n<p>&nbsp;<\/p>\n<h4 align=\"center\"><span style=\"font-family: Calibri, sans-serif;\"><span style=\"font-size: large;\"><strong>PARKING:<\/strong> Parking VIP \u2013 wjazd od strony ogr\u00f3dk\u00f3w dzia\u0142kowych przez g\u0142\u00f3wn\u0105 bram\u0119 Aeroklubu Elbl\u0105skiego<\/span><\/span><\/h4>\n<h4 align=\"center\"><span style=\"font-family: Calibri, sans-serif;\"><span style=\"font-size: large;\"><strong>Parking dla odwiedzaj\u0105cych<\/strong> \u2013 dwa stanowiska parkingowe na przeciwko powojskowego ceglanego hangaru przy ul. Lotniczej w Elbl\u0105gu:<strong> <u>wjazd od strony ogr\u00f3dk\u00f3w dzia\u0142kowych b\u0119dzie zamkni\u0119ty. <\/u><\/strong><b>Prosimy o korzystanie z parkingu przed hangarem powojskowym!<\/b> Obowi\u0105zuje op\u0142ata parkingowa, przeznaczona na renowacj\u0119 samolotu JAK 12 A.<\/span><\/span><\/h4>\n<h4 align=\"center\"><span style=\"font-family: Calibri, sans-serif;\"><span style=\"font-size: large;\">Patronat Honorowy nad wydarzeniem obj\u0105\u0142 Prezydent Miasta Elbl\u0105ga<\/span><\/span><\/h4>\n<h4 align=\"center\"><span style=\"font-family: Calibri, sans-serif;\"><span style=\"font-size: large;\">Patronat Medialny: Radio Eska, TVP 3 Olsztyn<\/span><\/span><\/h4>\n<h4 align=\"center\"><span style=\"font-family: Calibri, sans-serif;\"><span style=\"font-size: large;\">G\u0142\u00f3wny sponsor: <strong>GIPARA Fitness<\/strong><\/span><\/span><\/h4>\n<p><img loading=\"lazy\" class=\"alignnone size-medium wp-image-1745\" src=\"http:\/\/aeroklubelblaski.pl\/wp-content\/uploads\/2019\/09\/pl-453x640.jpg\" alt=\"\" width=\"453\" height=\"640\"\/> <img loading=\"lazy\" class=\"alignnone size-medium wp-image-1746\" src=\"http:\/\/aeroklubelblaski.pl\/wp-content\/uploads\/2019\/09\/mapka-800x294.jpg\" alt=\"\" width=\"800\" height=\"294\"\/><\/p>\n","protected":false},"excerpt":{"rendered":"<p>Festyn Lotniczo \u2013 Rodzinny w Aeroklubie Elbl\u0105skim 07.09.2019 Aeroklub Elbl\u0105ski zaprasza do uczestnictwa w kolejnej edycji Festynu Lotniczo \u2013 Rodzinnego! Festyn odb\u0119dzie si\u0119 dnia 07.09.2019 w godzinach 11:00-18:00 na terenie Lotniska Elbl\u0105g(EPEL) Harmonogram Festynu 12:00 \u2013 Oficjalne rozpocz\u0119cie Festynu: kr\u00f3tkie wyst\u0105pienia 13:00 \u2013 Rozpocz\u0119cie pokaz\u00f3w lotniczych(pokaz ptak\u00f3w drapie\u017cnych, SU 22, 2x Harvard, Chipmunk, TS-8 BIES) [&hellip;]<\/p>\n","protected":false},"author":8,"featured_media":0,"comment_status":"closed","ping_status":"open","sticky":false,"template":"","format":"standard","meta":{"_et_pb_use_builder":"","_et_pb_old_content":"","_et_gb_content_width":""},"categories":[],"tags":[],"_links":{"self":[{"href":"http:\/\/aeroklubelblaski.pl\/index.php\/wp-json\/wp\/v2\/posts\/3744"}],"collection":[{"href":"http:\/\/aeroklubelblaski.pl\/index.php\/wp-json\/wp\/v2\/posts"}],"about":[{"href":"http:\/\/aeroklubelblaski.pl\/index.php\/wp-json\/wp\/v2\/types\/post"}],"author":[{"embeddable":true,"href":"http:\/\/aeroklubelblaski.pl\/index.php\/wp-json\/wp\/v2\/users\/8"}],"replies":[{"embeddable":true,"href":"http:\/\/aeroklubelblaski.pl\/index.php\/wp-json\/wp\/v2\/comments?post=3744"}],"version-history":[{"count":0,"href":"http:\/\/aeroklubelblaski.pl\/index.php\/wp-json\/wp\/v2\/posts\/3744\/revisions"}],"wp:attachment":[{"href":"http:\/\/aeroklubelblaski.pl\/index.php\/wp-json\/wp\/v2\/media?parent=3744"}],"wp:term":[{"taxonomy":"category","embeddable":true,"href":"http:\/\/aeroklubelblaski.pl\/index.php\/wp-json\/wp\/v2\/categories?post=3744"},{"taxonomy":"post_tag","embeddable":true,"href":"http:\/\/aeroklubelblaski.pl\/index.php\/wp-json\/wp\/v2\/tags?post=3744"}],"curies":[{"name":"wp","href":"https:\/\/api.w.org\/{rel}","templated":true}]}}