{"id":3742,"date":"2019-09-02T09:57:07","date_gmt":"2019-09-02T07:57:07","guid":{"rendered":"http:\/\/aeroklubelblaski.pl\/?p=1742"},"modified":"2019-09-02T09:57:07","modified_gmt":"2019-09-02T07:57:07","slug":"xxii-zlot-polskich-pilotek-im-ireny-kostki-aerosabat-2019-harmonogram-imprezy","status":"publish","type":"post","link":"http:\/\/aeroklubelblaski.pl\/index.php\/2019\/09\/02\/xxii-zlot-polskich-pilotek-im-ireny-kostki-aerosabat-2019-harmonogram-imprezy\/","title":{"rendered":"XXII Zlot Polskich Pilotek im. Ireny Kostki Aerosabat 2019 &#8211; Harmonogram Imprezy"},"content":{"rendered":"<p align=\"center\"><strong><span style=\"font-family: Calibri, sans-serif;\"><span style=\"font-size: large;\">Harmonogram XXII Zlotu Polskich Pilotek im. Ireny Kostki<\/span><\/span><\/strong><\/p>\n<p align=\"center\"><strong><span style=\"font-family: Calibri, sans-serif;\"><span style=\"font-size: large;\">Aerosabat 05.09-08.09.2019<\/span><\/span><\/strong><\/p>\n<p align=\"center\"><strong><span style=\"font-family: Calibri, sans-serif;\"><span style=\"font-size: large;\">05.09.(czwartek)<\/span><\/span><\/strong><\/p>\n<h4><span style=\"font-family: Calibri, sans-serif;\"><span style=\"font-size: large;\">Przyjazd uczestnik\u00f3w zlotu i zakwaterowanie \u2013 <strong><em>Dom Studencki przy ul. Wsp\u00f3lnej 11 w Elbl\u0105gu<\/em><\/strong><\/span><\/span><\/h4>\n<h4><span style=\"font-family: Calibri, sans-serif;\"><span style=\"font-size: large;\">od godz. 18:00 \u2013 kolacja<\/span><\/span><\/h4>\n<p align=\"center\"><strong><span style=\"font-family: Calibri, sans-serif;\"><span style=\"font-size: large;\">06.09.(pi\u0105tek)<\/span><\/span><\/strong><\/p>\n<h4><span style=\"font-family: Calibri, sans-serif;\"><span style=\"font-size: large;\">07:00 &#8211; 07:45 \u2013 \u015bniadanie<\/span><\/span><\/h4>\n<h4><span style=\"font-family: Calibri, sans-serif;\"><span style=\"font-size: large;\">07:45 \u2013 wyjazd do Ratusza Staromiejskiego w Elbl\u0105gu<\/span><\/span><\/h4>\n<h4><span style=\"font-family: Calibri, sans-serif;\"><span style=\"font-size: large;\">08:00 \u2013 09:00 \u2013 Ratusz Staromiejski w Elbl\u0105gu,; Spotkanie Uczestnik\u00f3w Zlotu z Prezydentem Miasta Elbl\u0105ga, Panem Witoldem Wr\u00f3blewskim; kr\u00f3tka konferencja<\/span><\/span><\/h4>\n<h4><span style=\"font-family: Calibri, sans-serif;\"><span style=\"font-size: large;\">09:00 \u2013 10:00 \u2013 Przemarsz Uczestnik\u00f3w Zlotu po elbl\u0105skiej star\u00f3wce<\/span><\/span><\/h4>\n<h4><span style=\"font-family: Calibri, sans-serif;\"><span style=\"font-size: large;\">10:00 \u2013 wyjazd do Malborka: zwiedzanie 22 Bazy Lotnictwa Cywilnego, spotkanie z jej przedstawicielami, obiad, nast\u0119pnie zwiedzanie Zamku w Malborku<\/span><\/span><\/h4>\n<h4><span style=\"font-family: Calibri, sans-serif;\"><span style=\"font-size: large;\">ok. 15:00 \u2013 powr\u00f3t do Elbl\u0105ga: Lotnisko Elbl\u0105g: loty uczestniczek samolotem lub szybowcem<\/span><\/span><\/h4>\n<h4><span style=\"font-family: Calibri, sans-serif;\"><span style=\"font-size: large;\">ok. 18:00 \u2013 powr\u00f3t do DS, kolacja, czas wolny<\/span><\/span><\/h4>\n<p align=\"center\"><strong><span style=\"font-family: Calibri, sans-serif;\"><span style=\"font-size: large;\">07.09.(sobota)<\/span><\/span><\/strong><\/p>\n<h4><span style=\"font-family: Calibri, sans-serif;\"><span style=\"font-size: large;\">07:00 &#8211; 08:00 \u2013 \u015bniadanie<\/span><\/span><\/h4>\n<h4><span style=\"font-family: Calibri, sans-serif;\"><span style=\"font-size: large;\">08:00 \u2013 09:00 \u2013 Przejazd na Pochylnie K\u0105ty \u2013 dolny parking<\/span><\/span><\/h4>\n<h4><span style=\"font-family: Calibri, sans-serif;\"><span style=\"font-size: large;\">09:00 \u2013 10:00 \u2013 rejs statkiem na Pochylnie Buczyniec<\/span><\/span><\/h4>\n<h4><span style=\"font-family: Calibri, sans-serif;\"><span style=\"font-size: large;\">10:00 \u2013 10:30 \u2013 Zwiedzanie Muzeum Kana\u0142u Elbl\u0105skiego, powr\u00f3t do Elbl\u0105ga <\/span><\/span><\/h4>\n<h4><span style=\"font-family: Calibri, sans-serif;\"><span style=\"font-size: large;\">11:00 \u2013 12:30 \u2013 Zwiedzanie Star\u00f3wki w Elbl\u0105gu z przewodnikiem<\/span><\/span><\/h4>\n<h4><span style=\"font-family: Calibri, sans-serif;\"><span style=\"font-size: large;\">12:30 \u2013 przyjazd Uczestnik\u00f3w Zlotu na Lotnisko w Elbl\u0105gu: uczestnictwo e Festynie Lotniczo \u2013 Rodzinnym; <strong><u>pokazy lotnicze<\/u><\/strong> od godz. 13:00, obiad<\/span><\/span><\/h4>\n<h4><span style=\"font-family: Calibri, sans-serif;\"><span style=\"font-size: large;\">18:00 \u2013 ognisko sabatowe<\/span><\/span><\/h4>\n<p align=\"center\"><strong><span style=\"font-family: Calibri, sans-serif;\"><span style=\"font-size: large;\">08.09.(niedziela)<\/span><\/span><\/strong><\/p>\n<h4><span style=\"font-family: Calibri, sans-serif;\"><span style=\"font-size: large;\">08:00-09:00 \u2013 \u015bniadanie<\/span><\/span><\/h4>\n<h4><span style=\"font-family: Calibri, sans-serif;\"><span style=\"font-size: large;\">09:00 \u2013 przyjazd na Lotnisko<\/span><\/span><\/h4>\n<h4><span style=\"font-family: Calibri, sans-serif;\"><span style=\"font-size: large;\">09:30 \u2013 Msza \u015awi\u0119ta \u201cna Skrzydle\u201d; po Mszy wyjazd uczestniczek Aerosabatu<\/span><\/span><\/h4>\n<p>&nbsp;<\/p>\n<h4><strong>Osoby do kontaktu:<\/strong><br \/>\nAndrzej: 601623976<br \/>\nJerzy: 511072333<\/h4>\n<p>&nbsp;<\/p>\n<p style=\"text-align: right;\"><em>\u017byczymy Udanego Pobytu, Zesp\u00f3\u0142 AE<\/em><\/p>\n<p><img loading=\"lazy\" class=\"alignnone size-medium wp-image-1341 aligncenter\" src=\"http:\/\/aeroklubelblaski.pl\/wp-content\/uploads\/2016\/08\/ae-logo-\u2014-kopia-698x640.png\" alt=\"\" width=\"698\" height=\"640\"\/><\/p>\n","protected":false},"excerpt":{"rendered":"<p>Harmonogram XXII Zlotu Polskich Pilotek im. Ireny Kostki Aerosabat 05.09-08.09.2019 05.09.(czwartek) Przyjazd uczestnik\u00f3w zlotu i zakwaterowanie \u2013 Dom Studencki przy ul. Wsp\u00f3lnej 11 w Elbl\u0105gu od godz. 18:00 \u2013 kolacja 06.09.(pi\u0105tek) 07:00 &#8211; 07:45 \u2013 \u015bniadanie 07:45 \u2013 wyjazd do Ratusza Staromiejskiego w Elbl\u0105gu 08:00 \u2013 09:00 \u2013 Ratusz Staromiejski w Elbl\u0105gu,; Spotkanie Uczestnik\u00f3w Zlotu [&hellip;]<\/p>\n","protected":false},"author":8,"featured_media":0,"comment_status":"closed","ping_status":"open","sticky":false,"template":"","format":"standard","meta":{"_et_pb_use_builder":"","_et_pb_old_content":"","_et_gb_content_width":""},"categories":[],"tags":[],"_links":{"self":[{"href":"http:\/\/aeroklubelblaski.pl\/index.php\/wp-json\/wp\/v2\/posts\/3742"}],"collection":[{"href":"http:\/\/aeroklubelblaski.pl\/index.php\/wp-json\/wp\/v2\/posts"}],"about":[{"href":"http:\/\/aeroklubelblaski.pl\/index.php\/wp-json\/wp\/v2\/types\/post"}],"author":[{"embeddable":true,"href":"http:\/\/aeroklubelblaski.pl\/index.php\/wp-json\/wp\/v2\/users\/8"}],"replies":[{"embeddable":true,"href":"http:\/\/aeroklubelblaski.pl\/index.php\/wp-json\/wp\/v2\/comments?post=3742"}],"version-history":[{"count":0,"href":"http:\/\/aeroklubelblaski.pl\/index.php\/wp-json\/wp\/v2\/posts\/3742\/revisions"}],"wp:attachment":[{"href":"http:\/\/aeroklubelblaski.pl\/index.php\/wp-json\/wp\/v2\/media?parent=3742"}],"wp:term":[{"taxonomy":"category","embeddable":true,"href":"http:\/\/aeroklubelblaski.pl\/index.php\/wp-json\/wp\/v2\/categories?post=3742"},{"taxonomy":"post_tag","embeddable":true,"href":"http:\/\/aeroklubelblaski.pl\/index.php\/wp-json\/wp\/v2\/tags?post=3742"}],"curies":[{"name":"wp","href":"https:\/\/api.w.org\/{rel}","templated":true}]}}