{"id":3703,"date":"2019-02-04T15:41:50","date_gmt":"2019-02-04T13:41:50","guid":{"rendered":"http:\/\/aeroklubelblaski.pl\/?p=1703"},"modified":"2019-02-04T15:41:50","modified_gmt":"2019-02-04T13:41:50","slug":"spotkanie-organizacyjne-dotyczace-szkolenia-szybowcowego-2019","status":"publish","type":"post","link":"http:\/\/aeroklubelblaski.pl\/index.php\/2019\/02\/04\/spotkanie-organizacyjne-dotyczace-szkolenia-szybowcowego-2019\/","title":{"rendered":"Spotkanie organizacyjne dotycz\u0105ce szkolenia szybowcowego 2019"},"content":{"rendered":"<p>Szkolenie szybowcowe mo\u017ce i powinno by\u0107 pierwszym krokiem w rozpoczynaj\u0105cej si\u0119 karierze ka\u017cdego m\u0142odego lotnika! Poza tym jest to doskona\u0142a okazja do poznania wielu ciekawych m\u0142odych ludzi i dzielenia z nimi swojej pasji.<\/p>\n<p>Aeroklub Elbl\u0105ski og\u0142asza nab\u00f3r na szkolenie szybowcowe w roku 2019! Zapraszamy wszystkich ch\u0119tnych na spotkanie organizacyjne, kt\u00f3re odb\u0119dzie si\u0119 30.03.2019 w godzinach 10-13 w sali wyk\u0142adowej Aeroklubu Elbl\u0105skiego. Zapisy na szkolenie przyjmujemy do dnia 29\/03\/2019. Zg\u0142oszenia mo\u017cna przysy\u0142a\u0107 pod maila: biuro@aeroklubelblaski.pl lub osobi\u015bcie w siedzibie AE. Zapraszamy! \ud83d\ude42<\/p>\n<p>Link do wydarzenia na FB:<img loading=\"lazy\" class=\"alignnone size-medium wp-image-1704\" src=\"http:\/\/aeroklubelblaski.pl\/wp-content\/uploads\/2019\/02\/DSC_0447-800x450.jpg\" alt=\"\" width=\"800\" height=\"450\"\/><\/p>\n<p>https:\/\/www.facebook.com\/events\/314707342721677\/<\/p>\n","protected":false},"excerpt":{"rendered":"<p>Szkolenie szybowcowe mo\u017ce i powinno by\u0107 pierwszym krokiem w rozpoczynaj\u0105cej si\u0119 karierze ka\u017cdego m\u0142odego lotnika! Poza tym jest to doskona\u0142a okazja do poznania wielu ciekawych m\u0142odych ludzi i dzielenia z nimi swojej pasji. Aeroklub Elbl\u0105ski og\u0142asza nab\u00f3r na szkolenie szybowcowe w roku 2019! Zapraszamy wszystkich ch\u0119tnych na spotkanie organizacyjne, kt\u00f3re odb\u0119dzie si\u0119 30.03.2019 w godzinach [&hellip;]<\/p>\n","protected":false},"author":8,"featured_media":0,"comment_status":"closed","ping_status":"open","sticky":false,"template":"","format":"standard","meta":{"_et_pb_use_builder":"","_et_pb_old_content":"","_et_gb_content_width":""},"categories":[],"tags":[],"_links":{"self":[{"href":"http:\/\/aeroklubelblaski.pl\/index.php\/wp-json\/wp\/v2\/posts\/3703"}],"collection":[{"href":"http:\/\/aeroklubelblaski.pl\/index.php\/wp-json\/wp\/v2\/posts"}],"about":[{"href":"http:\/\/aeroklubelblaski.pl\/index.php\/wp-json\/wp\/v2\/types\/post"}],"author":[{"embeddable":true,"href":"http:\/\/aeroklubelblaski.pl\/index.php\/wp-json\/wp\/v2\/users\/8"}],"replies":[{"embeddable":true,"href":"http:\/\/aeroklubelblaski.pl\/index.php\/wp-json\/wp\/v2\/comments?post=3703"}],"version-history":[{"count":0,"href":"http:\/\/aeroklubelblaski.pl\/index.php\/wp-json\/wp\/v2\/posts\/3703\/revisions"}],"wp:attachment":[{"href":"http:\/\/aeroklubelblaski.pl\/index.php\/wp-json\/wp\/v2\/media?parent=3703"}],"wp:term":[{"taxonomy":"category","embeddable":true,"href":"http:\/\/aeroklubelblaski.pl\/index.php\/wp-json\/wp\/v2\/categories?post=3703"},{"taxonomy":"post_tag","embeddable":true,"href":"http:\/\/aeroklubelblaski.pl\/index.php\/wp-json\/wp\/v2\/tags?post=3703"}],"curies":[{"name":"wp","href":"https:\/\/api.w.org\/{rel}","templated":true}]}}