{"id":3695,"date":"2019-02-04T15:32:42","date_gmt":"2019-02-04T13:32:42","guid":{"rendered":"http:\/\/aeroklubelblaski.pl\/?p=1695"},"modified":"2019-02-04T15:32:42","modified_gmt":"2019-02-04T13:32:42","slug":"aeroklub-remontuje-jaka-12a","status":"publish","type":"post","link":"http:\/\/aeroklubelblaski.pl\/index.php\/2019\/02\/04\/aeroklub-remontuje-jaka-12a\/","title":{"rendered":"Aeroklub remontuje Jaka 12A!"},"content":{"rendered":"<p>Aeroklub Elbl\u0105ski remontuje samolot JAK 12A, SP-AAO w celu rejestracji jako SPECJALNY. Projekt wymagaj\u0105cy wielu zabieg\u00f3w, wielu prac, wielu stara\u0144 i do\u015b\u0107 poka\u017anej sumy.&nbsp;<\/p>\n<p>Zdecydowali\u015bmy si\u0119 jednak przywr\u00f3ci\u0107 zdatno\u015b\u0107 do lotu tego historycznego dla nas samolotu i odbudowa\u0107 go w kategorii SPECJALNY.<\/p>\n<p>Post\u0119py prac na bie\u017c\u0105co mo\u017cna \u015bledzi\u0107 na naszym profilu na Fb.<\/p>\n<p>Akcj\u0119 mo\u017cna wesprze\u0107 finansowo na portalu zrzutka.pl:&nbsp;https:\/\/zrzutka.pl\/hg87px<\/p>\n<p>Zach\u0119camy do wsparcia naszych stara\u0144!<img loading=\"lazy\" class=\"alignnone size-medium wp-image-1696\" src=\"http:\/\/aeroklubelblaski.pl\/wp-content\/uploads\/2019\/02\/IMG_20181025_102846-360x640.jpg\" alt=\"\" width=\"360\" height=\"640\"\/> <img loading=\"lazy\" class=\"alignnone size-medium wp-image-1697\" src=\"http:\/\/aeroklubelblaski.pl\/wp-content\/uploads\/2019\/02\/IMG_20181027_151727-800x449.jpg\" alt=\"\" width=\"800\" height=\"449\"\/> <img loading=\"lazy\" class=\"alignnone size-medium wp-image-1698\" src=\"http:\/\/aeroklubelblaski.pl\/wp-content\/uploads\/2019\/02\/IMG_20190109_121602-359x640.jpg\" alt=\"\" width=\"359\" height=\"640\"\/> <img loading=\"lazy\" class=\"alignnone size-medium wp-image-1699\" src=\"http:\/\/aeroklubelblaski.pl\/wp-content\/uploads\/2019\/02\/IMG_20190109_121613-800x449.jpg\" alt=\"\" width=\"800\" height=\"449\"\/> <img loading=\"lazy\" class=\"alignnone size-medium wp-image-1700\" src=\"http:\/\/aeroklubelblaski.pl\/wp-content\/uploads\/2019\/02\/IMG_20190204_082925-359x640.jpg\" alt=\"\" width=\"359\" height=\"640\"\/> <img loading=\"lazy\" class=\"alignnone size-medium wp-image-1701\" src=\"http:\/\/aeroklubelblaski.pl\/wp-content\/uploads\/2019\/02\/IMG_20190204_082947-800x449.jpg\" alt=\"\" width=\"800\" height=\"449\"\/><\/p>\n","protected":false},"excerpt":{"rendered":"<p>Aeroklub Elbl\u0105ski remontuje samolot JAK 12A, SP-AAO w celu rejestracji jako SPECJALNY. Projekt wymagaj\u0105cy wielu zabieg\u00f3w, wielu prac, wielu stara\u0144 i do\u015b\u0107 poka\u017anej sumy.&nbsp; Zdecydowali\u015bmy si\u0119 jednak przywr\u00f3ci\u0107 zdatno\u015b\u0107 do lotu tego historycznego dla nas samolotu i odbudowa\u0107 go w kategorii SPECJALNY. Post\u0119py prac na bie\u017c\u0105co mo\u017cna \u015bledzi\u0107 na naszym profilu na Fb. Akcj\u0119 mo\u017cna [&hellip;]<\/p>\n","protected":false},"author":8,"featured_media":0,"comment_status":"closed","ping_status":"open","sticky":false,"template":"","format":"standard","meta":{"_et_pb_use_builder":"","_et_pb_old_content":"","_et_gb_content_width":""},"categories":[],"tags":[],"_links":{"self":[{"href":"http:\/\/aeroklubelblaski.pl\/index.php\/wp-json\/wp\/v2\/posts\/3695"}],"collection":[{"href":"http:\/\/aeroklubelblaski.pl\/index.php\/wp-json\/wp\/v2\/posts"}],"about":[{"href":"http:\/\/aeroklubelblaski.pl\/index.php\/wp-json\/wp\/v2\/types\/post"}],"author":[{"embeddable":true,"href":"http:\/\/aeroklubelblaski.pl\/index.php\/wp-json\/wp\/v2\/users\/8"}],"replies":[{"embeddable":true,"href":"http:\/\/aeroklubelblaski.pl\/index.php\/wp-json\/wp\/v2\/comments?post=3695"}],"version-history":[{"count":0,"href":"http:\/\/aeroklubelblaski.pl\/index.php\/wp-json\/wp\/v2\/posts\/3695\/revisions"}],"wp:attachment":[{"href":"http:\/\/aeroklubelblaski.pl\/index.php\/wp-json\/wp\/v2\/media?parent=3695"}],"wp:term":[{"taxonomy":"category","embeddable":true,"href":"http:\/\/aeroklubelblaski.pl\/index.php\/wp-json\/wp\/v2\/categories?post=3695"},{"taxonomy":"post_tag","embeddable":true,"href":"http:\/\/aeroklubelblaski.pl\/index.php\/wp-json\/wp\/v2\/tags?post=3695"}],"curies":[{"name":"wp","href":"https:\/\/api.w.org\/{rel}","templated":true}]}}