{"id":3682,"date":"2018-08-30T08:34:54","date_gmt":"2018-08-30T06:34:54","guid":{"rendered":"http:\/\/aeroklubelblaski.pl\/?p=1682"},"modified":"2018-08-30T08:34:54","modified_gmt":"2018-08-30T06:34:54","slug":"zapraszamy-na-festyn-lotniczo-rodzinny","status":"publish","type":"post","link":"http:\/\/aeroklubelblaski.pl\/index.php\/2018\/08\/30\/zapraszamy-na-festyn-lotniczo-rodzinny\/","title":{"rendered":"Zapraszamy na Festyn Lotniczo &#8211; Rodzinny"},"content":{"rendered":"<p><img loading=\"lazy\" class=\"alignnone size-medium wp-image-1683\" src=\"http:\/\/aeroklubelblaski.pl\/wp-content\/uploads\/2018\/08\/plakat-2018-452x640.jpg\" alt=\"\" width=\"452\" height=\"640\"\/><\/p>\n<p>Zapraszamy na pokazy dynamiczne i statyczne statk\u00f3w powietrznych, na zlot fan\u00f3w BMW, na wystawy statyczne statk\u00f3w powietrznych i sprz\u0119tu wojskowego, na stoiska zabawowe dla dzieci i do cz\u0119\u015bci gastronomicznej. Opr\u00f3cz powy\u017cszego zapraszamy na loty zapoznawcze szybowcowe i samolotowe oraz skoki spadochronowe.<\/p>\n<p>It will be a big day! We invite You for a little Air Show, static exhibition, and good food. Additionally, we invite for scenic flights and sky diving!<\/p>\n","protected":false},"excerpt":{"rendered":"<p>Zapraszamy na pokazy dynamiczne i statyczne statk\u00f3w powietrznych, na zlot fan\u00f3w BMW, na wystawy statyczne statk\u00f3w powietrznych i sprz\u0119tu wojskowego, na stoiska zabawowe dla dzieci i do cz\u0119\u015bci gastronomicznej. Opr\u00f3cz powy\u017cszego zapraszamy na loty zapoznawcze szybowcowe i samolotowe oraz skoki spadochronowe. It will be a big day! We invite You for a little Air Show, [&hellip;]<\/p>\n","protected":false},"author":8,"featured_media":0,"comment_status":"closed","ping_status":"open","sticky":false,"template":"","format":"standard","meta":{"_et_pb_use_builder":"","_et_pb_old_content":"","_et_gb_content_width":""},"categories":[],"tags":[],"_links":{"self":[{"href":"http:\/\/aeroklubelblaski.pl\/index.php\/wp-json\/wp\/v2\/posts\/3682"}],"collection":[{"href":"http:\/\/aeroklubelblaski.pl\/index.php\/wp-json\/wp\/v2\/posts"}],"about":[{"href":"http:\/\/aeroklubelblaski.pl\/index.php\/wp-json\/wp\/v2\/types\/post"}],"author":[{"embeddable":true,"href":"http:\/\/aeroklubelblaski.pl\/index.php\/wp-json\/wp\/v2\/users\/8"}],"replies":[{"embeddable":true,"href":"http:\/\/aeroklubelblaski.pl\/index.php\/wp-json\/wp\/v2\/comments?post=3682"}],"version-history":[{"count":0,"href":"http:\/\/aeroklubelblaski.pl\/index.php\/wp-json\/wp\/v2\/posts\/3682\/revisions"}],"wp:attachment":[{"href":"http:\/\/aeroklubelblaski.pl\/index.php\/wp-json\/wp\/v2\/media?parent=3682"}],"wp:term":[{"taxonomy":"category","embeddable":true,"href":"http:\/\/aeroklubelblaski.pl\/index.php\/wp-json\/wp\/v2\/categories?post=3682"},{"taxonomy":"post_tag","embeddable":true,"href":"http:\/\/aeroklubelblaski.pl\/index.php\/wp-json\/wp\/v2\/tags?post=3682"}],"curies":[{"name":"wp","href":"https:\/\/api.w.org\/{rel}","templated":true}]}}