{"id":3676,"date":"2018-07-13T09:05:01","date_gmt":"2018-07-13T07:05:01","guid":{"rendered":"http:\/\/aeroklubelblaski.pl\/?p=1676"},"modified":"2018-07-13T09:05:01","modified_gmt":"2018-07-13T07:05:01","slug":"aeroklub-elblaski-powieksza-sie-o-kolejny-hangar","status":"publish","type":"post","link":"http:\/\/aeroklubelblaski.pl\/index.php\/2018\/07\/13\/aeroklub-elblaski-powieksza-sie-o-kolejny-hangar\/","title":{"rendered":"Aeroklub Elbl\u0105ski powi\u0119ksza si\u0119 o kolejny hangar!"},"content":{"rendered":"<p>Uchwa\u0142\u0105 Rady Miasta Elbl\u0105ga z dnia 06\/07\/2018 Aeroklub Elbl\u0105ski sta\u0142 si\u0119 u\u017cytkownikiem wieczystym hangaru powojskowego po\u0142o\u017conego przy ul. Lotniczej w Elbl\u0105gu, w bezpo\u015bredniej blisko\u015bci lotniska. Dwie olbrzymie powierzchnie hangarowe plus dwa budynki przyhangarowe otwieraj\u0105 przed Aeroklubem, Lotniskiem i Miastem nowe mo\u017cliwo\u015bci. Budynek w cz\u0119\u015bci biurowej wymaga remontu(dach), za\u015b cz\u0119\u015b\u0107 hangarowa jest do wykorzystania od zaraz.<\/p>\n<p>Koncepcja w\u0142adz Aeroklubu Elbl\u0105skiego zak\u0142ada wykorzystanie tego obiektu zgodnie z celami statutowymi, poszerzaj\u0105c zakres dzia\u0142alno\u015bci o zwi\u0119kszon\u0105 mo\u017cliwo\u015bci oferowania powierzchni hangarowej dla statk\u00f3w powietrznych, oferowanie powierzchni hangarowej pod lotnicz\u0105 dzia\u0142alno\u015b\u0107 techniczn\u0105, obs\u0142ugow\u0105, miejsce praktyk. W cz\u0119\u015bci przyhangarowej planujemy urz\u0105dzi\u0107 biura, pokoje go\u015bcinne, bar lotniczy, izb\u0119 pami\u0119ci, now\u0105 modelarni\u0119 lotnicz\u0105 oraz izb\u0119 pami\u0119ci lotniczej! Szczeg\u00f3\u0142y ju\u017c wkr\u00f3tce. Zapraszamy do odwiedzin naszego lotniska i do wsp\u00f3\u0142pracy przy wykorzystaniu nowych obiekt\u00f3w.<\/p>\n<p>Radnym dzi\u0119kujemy za wsp\u00f3\u0142prac\u0119 i d\u0105\u017cno\u015b\u0107 do rozwoju lokalnego lotniska!<img loading=\"lazy\" class=\"alignnone size-medium wp-image-1677\" src=\"http:\/\/aeroklubelblaski.pl\/wp-content\/uploads\/2018\/07\/IMG_20170605_115652-800x449.jpg\" alt=\"\" width=\"800\" height=\"449\"\/> <img loading=\"lazy\" class=\"alignnone size-medium wp-image-1678\" src=\"http:\/\/aeroklubelblaski.pl\/wp-content\/uploads\/2018\/07\/IMG_20170605_115656-800x449.jpg\" alt=\"\" width=\"800\" height=\"449\"\/> <img loading=\"lazy\" class=\"alignnone size-medium wp-image-1679\" src=\"http:\/\/aeroklubelblaski.pl\/wp-content\/uploads\/2018\/07\/IMG_20170605_115716-359x640.jpg\" alt=\"\" width=\"359\" height=\"640\"\/><\/p>\n","protected":false},"excerpt":{"rendered":"<p>Uchwa\u0142\u0105 Rady Miasta Elbl\u0105ga z dnia 06\/07\/2018 Aeroklub Elbl\u0105ski sta\u0142 si\u0119 u\u017cytkownikiem wieczystym hangaru powojskowego po\u0142o\u017conego przy ul. Lotniczej w Elbl\u0105gu, w bezpo\u015bredniej blisko\u015bci lotniska. Dwie olbrzymie powierzchnie hangarowe plus dwa budynki przyhangarowe otwieraj\u0105 przed Aeroklubem, Lotniskiem i Miastem nowe mo\u017cliwo\u015bci. Budynek w cz\u0119\u015bci biurowej wymaga remontu(dach), za\u015b cz\u0119\u015b\u0107 hangarowa jest do wykorzystania od zaraz. [&hellip;]<\/p>\n","protected":false},"author":8,"featured_media":0,"comment_status":"closed","ping_status":"open","sticky":false,"template":"","format":"standard","meta":{"_et_pb_use_builder":"","_et_pb_old_content":"","_et_gb_content_width":""},"categories":[],"tags":[],"_links":{"self":[{"href":"http:\/\/aeroklubelblaski.pl\/index.php\/wp-json\/wp\/v2\/posts\/3676"}],"collection":[{"href":"http:\/\/aeroklubelblaski.pl\/index.php\/wp-json\/wp\/v2\/posts"}],"about":[{"href":"http:\/\/aeroklubelblaski.pl\/index.php\/wp-json\/wp\/v2\/types\/post"}],"author":[{"embeddable":true,"href":"http:\/\/aeroklubelblaski.pl\/index.php\/wp-json\/wp\/v2\/users\/8"}],"replies":[{"embeddable":true,"href":"http:\/\/aeroklubelblaski.pl\/index.php\/wp-json\/wp\/v2\/comments?post=3676"}],"version-history":[{"count":0,"href":"http:\/\/aeroklubelblaski.pl\/index.php\/wp-json\/wp\/v2\/posts\/3676\/revisions"}],"wp:attachment":[{"href":"http:\/\/aeroklubelblaski.pl\/index.php\/wp-json\/wp\/v2\/media?parent=3676"}],"wp:term":[{"taxonomy":"category","embeddable":true,"href":"http:\/\/aeroklubelblaski.pl\/index.php\/wp-json\/wp\/v2\/categories?post=3676"},{"taxonomy":"post_tag","embeddable":true,"href":"http:\/\/aeroklubelblaski.pl\/index.php\/wp-json\/wp\/v2\/tags?post=3676"}],"curies":[{"name":"wp","href":"https:\/\/api.w.org\/{rel}","templated":true}]}}