{"id":3660,"date":"2018-03-26T22:44:40","date_gmt":"2018-03-26T20:44:40","guid":{"rendered":"http:\/\/aeroklubelblaski.pl\/?p=1660"},"modified":"2018-03-26T22:44:40","modified_gmt":"2018-03-26T20:44:40","slug":"aeroklub-elblaski-organizacja-pozytku-publicznego","status":"publish","type":"post","link":"http:\/\/aeroklubelblaski.pl\/index.php\/2018\/03\/26\/aeroklub-elblaski-organizacja-pozytku-publicznego\/","title":{"rendered":"Aeroklub Elbl\u0105ski &#8211; Organizacj\u0105 po\u017cytku publicznego!"},"content":{"rendered":"<p>Mi\u0142o nam poinformowa\u0107, i\u017c z dniem 23\/03\/2018 Stowarzyszenie Aeroklub Elbl\u0105ski otrzyma\u0142o status Organizacji Po\u017cytku Publicznego. Od tego momentu ci\u0105\u017cy na nas jeszcze wi\u0119ksze zobowi\u0105zanie do organizowania i animowania spo\u0142eczno\u015bci lokalnej Elbl\u0105ga i okolic wok\u00f3\u0142 tematyki nam bliskiej &#8211; lotnictwa. Dlatego zapraszamy do wsp\u00f3\u0142tworzenia spo\u0142eczno\u015bci aeroklubowej, do brania udzia\u0142u we wszystkich aktywno\u015bciach przez nas animowanych(szkoleniach lotniczych, festynach, zawodach, dniach otwartych). Zapraszamy na lotnisko!<img loading=\"lazy\" class=\"alignnone size-medium wp-image-1661\" src=\"http:\/\/aeroklubelblaski.pl\/wp-content\/uploads\/2018\/03\/oldae-800x487.jpg\" alt=\"\" width=\"800\" height=\"487\"\/><\/p>\n","protected":false},"excerpt":{"rendered":"<p>Mi\u0142o nam poinformowa\u0107, i\u017c z dniem 23\/03\/2018 Stowarzyszenie Aeroklub Elbl\u0105ski otrzyma\u0142o status Organizacji Po\u017cytku Publicznego. Od tego momentu ci\u0105\u017cy na nas jeszcze wi\u0119ksze zobowi\u0105zanie do organizowania i animowania spo\u0142eczno\u015bci lokalnej Elbl\u0105ga i okolic wok\u00f3\u0142 tematyki nam bliskiej &#8211; lotnictwa. Dlatego zapraszamy do wsp\u00f3\u0142tworzenia spo\u0142eczno\u015bci aeroklubowej, do brania udzia\u0142u we wszystkich aktywno\u015bciach przez nas animowanych(szkoleniach lotniczych, [&hellip;]<\/p>\n","protected":false},"author":8,"featured_media":0,"comment_status":"closed","ping_status":"open","sticky":false,"template":"","format":"standard","meta":{"_et_pb_use_builder":"","_et_pb_old_content":"","_et_gb_content_width":""},"categories":[],"tags":[],"_links":{"self":[{"href":"http:\/\/aeroklubelblaski.pl\/index.php\/wp-json\/wp\/v2\/posts\/3660"}],"collection":[{"href":"http:\/\/aeroklubelblaski.pl\/index.php\/wp-json\/wp\/v2\/posts"}],"about":[{"href":"http:\/\/aeroklubelblaski.pl\/index.php\/wp-json\/wp\/v2\/types\/post"}],"author":[{"embeddable":true,"href":"http:\/\/aeroklubelblaski.pl\/index.php\/wp-json\/wp\/v2\/users\/8"}],"replies":[{"embeddable":true,"href":"http:\/\/aeroklubelblaski.pl\/index.php\/wp-json\/wp\/v2\/comments?post=3660"}],"version-history":[{"count":0,"href":"http:\/\/aeroklubelblaski.pl\/index.php\/wp-json\/wp\/v2\/posts\/3660\/revisions"}],"wp:attachment":[{"href":"http:\/\/aeroklubelblaski.pl\/index.php\/wp-json\/wp\/v2\/media?parent=3660"}],"wp:term":[{"taxonomy":"category","embeddable":true,"href":"http:\/\/aeroklubelblaski.pl\/index.php\/wp-json\/wp\/v2\/categories?post=3660"},{"taxonomy":"post_tag","embeddable":true,"href":"http:\/\/aeroklubelblaski.pl\/index.php\/wp-json\/wp\/v2\/tags?post=3660"}],"curies":[{"name":"wp","href":"https:\/\/api.w.org\/{rel}","templated":true}]}}