{"id":3525,"date":"2018-01-22T16:28:47","date_gmt":"2018-01-22T14:28:47","guid":{"rendered":"http:\/\/aeroklubelblaski.pl\/?p=1525"},"modified":"2018-01-22T16:32:36","modified_gmt":"2018-01-22T14:32:36","slug":"wspolpraca-z-hotelem-elblag","status":"publish","type":"post","link":"http:\/\/aeroklubelblaski.pl\/index.php\/2018\/01\/22\/wspolpraca-z-hotelem-elblag\/","title":{"rendered":"Wsp\u00f3\u0142praca z Hotelem Elbl\u0105g"},"content":{"rendered":"<p style=\"text-align: left;\">Rozpoczynamy wsp\u00f3\u0142prac\u0119 z Hotelem Elbl\u0105g! Pozwoli nam to na uatrakcyjnienie naszej oferty, szczeg\u00f3\u0142y ju\u017c wkr\u00f3tce na naszych stronach \ud83d\ude42<\/p>\n<p><a href=\"http:\/\/www.hotelelblag.eu\/\"><img loading=\"lazy\" class=\"alignleft size-medium wp-image-1526\" alt=\"logo HE\" src=\"http:\/\/aeroklubelblaski.pl\/wp-content\/uploads\/2018\/01\/logo-HE-703x640.png\" width=\"703\" height=\"640\" \/><\/a><\/p>\n<p><img loading=\"lazy\" class=\"alignleft size-full wp-image-1527\" alt=\"ilfing_logo_final_rgb\" src=\"http:\/\/aeroklubelblaski.pl\/wp-content\/uploads\/2018\/01\/ilfing_logo_final_rgb.jpg\" width=\"169\" height=\"108\" \/><\/p>\n<p>&nbsp;<\/p>\n<p>&nbsp;<\/p>\n<p>&nbsp;<\/p>\n","protected":false},"excerpt":{"rendered":"<p>Rozpoczynamy wsp\u00f3\u0142prac\u0119 z Hotelem Elbl\u0105g! Pozwoli nam to na uatrakcyjnienie naszej oferty, szczeg\u00f3\u0142y ju\u017c wkr\u00f3tce na naszych stronach \ud83d\ude42 &nbsp; &nbsp; &nbsp;<\/p>\n","protected":false},"author":6,"featured_media":0,"comment_status":"open","ping_status":"open","sticky":false,"template":"","format":"standard","meta":{"_et_pb_use_builder":"","_et_pb_old_content":"","_et_gb_content_width":""},"categories":[],"tags":[],"_links":{"self":[{"href":"http:\/\/aeroklubelblaski.pl\/index.php\/wp-json\/wp\/v2\/posts\/3525"}],"collection":[{"href":"http:\/\/aeroklubelblaski.pl\/index.php\/wp-json\/wp\/v2\/posts"}],"about":[{"href":"http:\/\/aeroklubelblaski.pl\/index.php\/wp-json\/wp\/v2\/types\/post"}],"author":[{"embeddable":true,"href":"http:\/\/aeroklubelblaski.pl\/index.php\/wp-json\/wp\/v2\/users\/6"}],"replies":[{"embeddable":true,"href":"http:\/\/aeroklubelblaski.pl\/index.php\/wp-json\/wp\/v2\/comments?post=3525"}],"version-history":[{"count":0,"href":"http:\/\/aeroklubelblaski.pl\/index.php\/wp-json\/wp\/v2\/posts\/3525\/revisions"}],"wp:attachment":[{"href":"http:\/\/aeroklubelblaski.pl\/index.php\/wp-json\/wp\/v2\/media?parent=3525"}],"wp:term":[{"taxonomy":"category","embeddable":true,"href":"http:\/\/aeroklubelblaski.pl\/index.php\/wp-json\/wp\/v2\/categories?post=3525"},{"taxonomy":"post_tag","embeddable":true,"href":"http:\/\/aeroklubelblaski.pl\/index.php\/wp-json\/wp\/v2\/tags?post=3525"}],"curies":[{"name":"wp","href":"https:\/\/api.w.org\/{rel}","templated":true}]}}