{"id":3439,"date":"2017-07-08T20:52:16","date_gmt":"2017-07-08T18:52:16","guid":{"rendered":"http:\/\/aeroklubelblaski.pl\/?p=1439"},"modified":"2017-07-08T20:56:18","modified_gmt":"2017-07-08T18:56:18","slug":"piknik-lotniczy-na-60-lecie-ae","status":"publish","type":"post","link":"http:\/\/aeroklubelblaski.pl\/index.php\/2017\/07\/08\/piknik-lotniczy-na-60-lecie-ae\/","title":{"rendered":"Piknik lotniczy na 60-lecie AE"},"content":{"rendered":"<p>W tym roku Aeroklub obchodzi swoje 60. urodziny! Z tej okazji zapraszamy\u00a0<strong>12 sierpnia 2017 (sobota)\u00a0<\/strong>na\u00a0<strong><span style=\"color: red;\">piknik lotniczy<\/span><\/strong>, z pokazami na ziemi i w powietrzu! Planowane przeloty, akrobacje i nie tylko \ud83d\ude42<\/p>\n<p>Zapraszamy te\u017c do do\u0142\u0105czenia i udost\u0119pnienia <a href=\"https:\/\/www.facebook.com\/events\/1632117586832436\">wydarzenia na Facebooku<\/a>!<\/p>\n<p><img loading=\"lazy\" class=\"alignleft size-medium wp-image-1442\" alt=\"baner 60 lecie\" src=\"http:\/\/aeroklubelblaski.pl\/wp-content\/uploads\/2017\/07\/baner-60-lecie-800x551.jpg\" width=\"800\" height=\"551\" \/><\/p>\n<p>&nbsp;<\/p>\n","protected":false},"excerpt":{"rendered":"<p>W tym roku Aeroklub obchodzi swoje 60. urodziny! Z tej okazji zapraszamy\u00a012 sierpnia 2017 (sobota)\u00a0na\u00a0piknik lotniczy, z pokazami na ziemi i w powietrzu! Planowane przeloty, akrobacje i nie tylko \ud83d\ude42 Zapraszamy te\u017c do do\u0142\u0105czenia i udost\u0119pnienia wydarzenia na Facebooku! &nbsp;<\/p>\n","protected":false},"author":6,"featured_media":0,"comment_status":"open","ping_status":"open","sticky":false,"template":"","format":"standard","meta":{"_et_pb_use_builder":"","_et_pb_old_content":"","_et_gb_content_width":""},"categories":[],"tags":[],"_links":{"self":[{"href":"http:\/\/aeroklubelblaski.pl\/index.php\/wp-json\/wp\/v2\/posts\/3439"}],"collection":[{"href":"http:\/\/aeroklubelblaski.pl\/index.php\/wp-json\/wp\/v2\/posts"}],"about":[{"href":"http:\/\/aeroklubelblaski.pl\/index.php\/wp-json\/wp\/v2\/types\/post"}],"author":[{"embeddable":true,"href":"http:\/\/aeroklubelblaski.pl\/index.php\/wp-json\/wp\/v2\/users\/6"}],"replies":[{"embeddable":true,"href":"http:\/\/aeroklubelblaski.pl\/index.php\/wp-json\/wp\/v2\/comments?post=3439"}],"version-history":[{"count":0,"href":"http:\/\/aeroklubelblaski.pl\/index.php\/wp-json\/wp\/v2\/posts\/3439\/revisions"}],"wp:attachment":[{"href":"http:\/\/aeroklubelblaski.pl\/index.php\/wp-json\/wp\/v2\/media?parent=3439"}],"wp:term":[{"taxonomy":"category","embeddable":true,"href":"http:\/\/aeroklubelblaski.pl\/index.php\/wp-json\/wp\/v2\/categories?post=3439"},{"taxonomy":"post_tag","embeddable":true,"href":"http:\/\/aeroklubelblaski.pl\/index.php\/wp-json\/wp\/v2\/tags?post=3439"}],"curies":[{"name":"wp","href":"https:\/\/api.w.org\/{rel}","templated":true}]}}