{"id":3431,"date":"2017-05-22T01:38:32","date_gmt":"2017-05-21T23:38:32","guid":{"rendered":"http:\/\/aeroklubelblaski.pl\/?p=1431"},"modified":"2017-05-22T01:38:32","modified_gmt":"2017-05-21T23:38:32","slug":"strefa-baltic-w-elblagu","status":"publish","type":"post","link":"http:\/\/aeroklubelblaski.pl\/index.php\/2017\/05\/22\/strefa-baltic-w-elblagu\/","title":{"rendered":"Strefa Baltic w Elbl\u0105gu!"},"content":{"rendered":"<p>Od dnia 21.05.2017 skoki spadochronowe w Elbl\u0105gu b\u0119dzie organizowa\u0142a Strefa Baltic &#8211; z nowym, mocniejszym i pojemniejszym samolotem, co umo\u017cliwi nam odpowied\u017a na rosn\u0105ce zainteresowanie skokami \ud83d\ude42<\/p>\n<p>Zapraszamy do kontaktu:\u00a0http:\/\/strefabaltic.pl\/<br \/>\n+48 793 15 55 80<\/p>\n","protected":false},"excerpt":{"rendered":"<p>Od dnia 21.05.2017 skoki spadochronowe w Elbl\u0105gu b\u0119dzie organizowa\u0142a Strefa Baltic &#8211; z nowym, mocniejszym i pojemniejszym samolotem, co umo\u017cliwi nam odpowied\u017a na rosn\u0105ce zainteresowanie skokami \ud83d\ude42 Zapraszamy do kontaktu:\u00a0http:\/\/strefabaltic.pl\/ +48 793 15 55 80<\/p>\n","protected":false},"author":6,"featured_media":0,"comment_status":"open","ping_status":"open","sticky":false,"template":"","format":"standard","meta":{"_et_pb_use_builder":"","_et_pb_old_content":"","_et_gb_content_width":""},"categories":[],"tags":[],"_links":{"self":[{"href":"http:\/\/aeroklubelblaski.pl\/index.php\/wp-json\/wp\/v2\/posts\/3431"}],"collection":[{"href":"http:\/\/aeroklubelblaski.pl\/index.php\/wp-json\/wp\/v2\/posts"}],"about":[{"href":"http:\/\/aeroklubelblaski.pl\/index.php\/wp-json\/wp\/v2\/types\/post"}],"author":[{"embeddable":true,"href":"http:\/\/aeroklubelblaski.pl\/index.php\/wp-json\/wp\/v2\/users\/6"}],"replies":[{"embeddable":true,"href":"http:\/\/aeroklubelblaski.pl\/index.php\/wp-json\/wp\/v2\/comments?post=3431"}],"version-history":[{"count":0,"href":"http:\/\/aeroklubelblaski.pl\/index.php\/wp-json\/wp\/v2\/posts\/3431\/revisions"}],"wp:attachment":[{"href":"http:\/\/aeroklubelblaski.pl\/index.php\/wp-json\/wp\/v2\/media?parent=3431"}],"wp:term":[{"taxonomy":"category","embeddable":true,"href":"http:\/\/aeroklubelblaski.pl\/index.php\/wp-json\/wp\/v2\/categories?post=3431"},{"taxonomy":"post_tag","embeddable":true,"href":"http:\/\/aeroklubelblaski.pl\/index.php\/wp-json\/wp\/v2\/tags?post=3431"}],"curies":[{"name":"wp","href":"https:\/\/api.w.org\/{rel}","templated":true}]}}