{"id":3408,"date":"2017-03-31T20:37:13","date_gmt":"2017-03-31T18:37:13","guid":{"rendered":"http:\/\/aeroklubelblaski.pl\/?p=1408"},"modified":"2017-03-31T20:37:13","modified_gmt":"2017-03-31T18:37:13","slug":"rozpoczecie-sezonu-szybowcowego","status":"publish","type":"post","link":"http:\/\/aeroklubelblaski.pl\/index.php\/2017\/03\/31\/rozpoczecie-sezonu-szybowcowego\/","title":{"rendered":"Rozpocz\u0119cie sezonu szybowcowego"},"content":{"rendered":"<p>Sekcja Szybowcowa planuje jutro (1.04.) rozpocz\u0119cie sezonu szybowcowego 2017! Prognoza pogody optymistyczna, a do dyspozycji pilot\u00f3w jest Puchacz i Junior. B\u0119dzie tak\u017ce mo\u017cliwo\u015b\u0107 wykonania KTP i LS. Zapraszamy wszystkich zainteresowanych!<br \/>\n<img loading=\"lazy\" class=\"aligncenter size-medium wp-image-1409\" alt=\"IMG_0304\" src=\"http:\/\/aeroklubelblaski.pl\/wp-content\/uploads\/2017\/03\/IMG_0304-800x533.jpg\" width=\"800\" height=\"533\" \/><\/p>\n","protected":false},"excerpt":{"rendered":"<p>Sekcja Szybowcowa planuje jutro (1.04.) rozpocz\u0119cie sezonu szybowcowego 2017! Prognoza pogody optymistyczna, a do dyspozycji pilot\u00f3w jest Puchacz i Junior. B\u0119dzie tak\u017ce mo\u017cliwo\u015b\u0107 wykonania KTP i LS. Zapraszamy wszystkich zainteresowanych!<\/p>\n","protected":false},"author":6,"featured_media":0,"comment_status":"open","ping_status":"open","sticky":false,"template":"","format":"standard","meta":{"_et_pb_use_builder":"","_et_pb_old_content":"","_et_gb_content_width":""},"categories":[],"tags":[],"_links":{"self":[{"href":"http:\/\/aeroklubelblaski.pl\/index.php\/wp-json\/wp\/v2\/posts\/3408"}],"collection":[{"href":"http:\/\/aeroklubelblaski.pl\/index.php\/wp-json\/wp\/v2\/posts"}],"about":[{"href":"http:\/\/aeroklubelblaski.pl\/index.php\/wp-json\/wp\/v2\/types\/post"}],"author":[{"embeddable":true,"href":"http:\/\/aeroklubelblaski.pl\/index.php\/wp-json\/wp\/v2\/users\/6"}],"replies":[{"embeddable":true,"href":"http:\/\/aeroklubelblaski.pl\/index.php\/wp-json\/wp\/v2\/comments?post=3408"}],"version-history":[{"count":0,"href":"http:\/\/aeroklubelblaski.pl\/index.php\/wp-json\/wp\/v2\/posts\/3408\/revisions"}],"wp:attachment":[{"href":"http:\/\/aeroklubelblaski.pl\/index.php\/wp-json\/wp\/v2\/media?parent=3408"}],"wp:term":[{"taxonomy":"category","embeddable":true,"href":"http:\/\/aeroklubelblaski.pl\/index.php\/wp-json\/wp\/v2\/categories?post=3408"},{"taxonomy":"post_tag","embeddable":true,"href":"http:\/\/aeroklubelblaski.pl\/index.php\/wp-json\/wp\/v2\/tags?post=3408"}],"curies":[{"name":"wp","href":"https:\/\/api.w.org\/{rel}","templated":true}]}}