{"id":3401,"date":"2017-03-22T10:16:36","date_gmt":"2017-03-22T08:16:36","guid":{"rendered":"http:\/\/aeroklubelblaski.pl\/?p=1401"},"modified":"2017-05-05T18:33:38","modified_gmt":"2017-05-05T16:33:38","slug":"dzien-otwarty-w-sobote-25-03","status":"publish","type":"post","link":"http:\/\/aeroklubelblaski.pl\/index.php\/2017\/03\/22\/dzien-otwarty-w-sobote-25-03\/","title":{"rendered":"Dzie\u0144 otwarty w sobot\u0119 25.03"},"content":{"rendered":"<p><strong>W najbli\u017csz\u0105 sobot\u0119, 25\/03\/2017 od godziny 12:00 Dzie\u0144 Otwarty w Aeroklubie Elbl\u0105skim! Od tej godziny b\u0119dzie mo\u017cna zapozna\u0107 si\u0119 z kulisami funkcjonowania Aeroklubu Elbl\u0105skiego, z tematyk\u0105 prowadzonych szkole\u0144, ze sprz\u0119tem lotniczym.<\/strong><\/p>\n<p>Tego dnia <strong>o godz. 13:00 odb\u0119dzie si\u0119 konkurs o tematyce og\u00f3lnolotniczej<\/strong>, w kt\u00f3rym do wygrania b\u0119d\u0105 vouchery na loty zapoznawcze! Opr\u00f3cz tego prowadzone b\u0119d\u0105 ciekawe wyk\u0142ady, prelekcje, a przy sprzyjaj\u0105cej pogodzie b\u0119dzie mo\u017cliwo\u015b\u0107 wykonania lot\u00f3w. <strong>Zapraszamy ka\u017cdego, kto na razie w spos\u00f3b nie\u015bmia\u0142y my\u015bli o lataniu lub \u017cywo interesuje si\u0119 tematyk\u0105 ma\u0142ego lotnictwa!<\/strong><\/p>\n<p>Przypominamy, i\u017c rok 2017 jest rokiem jubileuszu istnienia Aeroklubu w Elbl\u0105gu. Z tego tytu\u0142u przygotowujemy wiele ciekawych niespodzianek i wydarze\u0144, \u0142\u0105cznie z podsumowuj\u0105cym obchody rocznicowe Festynem Lotniczo &#8211; Rodzinnym! <strong>O godz. 14:00 rozpoczyna si\u0119 spotkanie organizacyjne dla ch\u0119tnych na szkolenia lotnicze w naszym Aeroklubie w roku 2017.<\/strong><\/p>\n<p>Ca\u0142y czas przyjmujemy zapisy na szkolenia szybowcowe, samolotowe czy spadochronowe. Sezon lotniczy rozpocznie si\u0119 ju\u017c niebawem. Wszelkie dodatkowe informacje mo\u017cna uzyska\u0107 dzwoni\u0105c pod numer: <strong>668 048 683<\/strong> lub pisz\u0105c na: <strong>biuro@aeroklubelblaski.pl<\/strong><\/p>\n<p><img loading=\"lazy\" class=\"aligncenter size-medium wp-image-1404\" alt=\"16939528_1277377222308150_4370047005749340923_n\" src=\"http:\/\/aeroklubelblaski.pl\/wp-content\/uploads\/2017\/03\/16939528_1277377222308150_4370047005749340923_n-640x640.jpg\" width=\"640\" height=\"640\" \/><\/p>\n","protected":false},"excerpt":{"rendered":"<p>W najbli\u017csz\u0105 sobot\u0119, 25\/03\/2017 od godziny 12:00 Dzie\u0144 Otwarty w Aeroklubie Elbl\u0105skim! Od tej godziny b\u0119dzie mo\u017cna zapozna\u0107 si\u0119 z kulisami funkcjonowania Aeroklubu Elbl\u0105skiego, z tematyk\u0105 prowadzonych szkole\u0144, ze sprz\u0119tem lotniczym. Tego dnia o godz. 13:00 odb\u0119dzie si\u0119 konkurs o tematyce og\u00f3lnolotniczej, w kt\u00f3rym do wygrania b\u0119d\u0105 vouchery na loty zapoznawcze! Opr\u00f3cz tego prowadzone b\u0119d\u0105 [&hellip;]<\/p>\n","protected":false},"author":6,"featured_media":1404,"comment_status":"closed","ping_status":"open","sticky":false,"template":"","format":"standard","meta":{"_et_pb_use_builder":"","_et_pb_old_content":"","_et_gb_content_width":""},"categories":[],"tags":[],"_links":{"self":[{"href":"http:\/\/aeroklubelblaski.pl\/index.php\/wp-json\/wp\/v2\/posts\/3401"}],"collection":[{"href":"http:\/\/aeroklubelblaski.pl\/index.php\/wp-json\/wp\/v2\/posts"}],"about":[{"href":"http:\/\/aeroklubelblaski.pl\/index.php\/wp-json\/wp\/v2\/types\/post"}],"author":[{"embeddable":true,"href":"http:\/\/aeroklubelblaski.pl\/index.php\/wp-json\/wp\/v2\/users\/6"}],"replies":[{"embeddable":true,"href":"http:\/\/aeroklubelblaski.pl\/index.php\/wp-json\/wp\/v2\/comments?post=3401"}],"version-history":[{"count":0,"href":"http:\/\/aeroklubelblaski.pl\/index.php\/wp-json\/wp\/v2\/posts\/3401\/revisions"}],"wp:featuredmedia":[{"embeddable":true,"href":"http:\/\/aeroklubelblaski.pl\/index.php\/wp-json\/wp\/v2\/media\/1404"}],"wp:attachment":[{"href":"http:\/\/aeroklubelblaski.pl\/index.php\/wp-json\/wp\/v2\/media?parent=3401"}],"wp:term":[{"taxonomy":"category","embeddable":true,"href":"http:\/\/aeroklubelblaski.pl\/index.php\/wp-json\/wp\/v2\/categories?post=3401"},{"taxonomy":"post_tag","embeddable":true,"href":"http:\/\/aeroklubelblaski.pl\/index.php\/wp-json\/wp\/v2\/tags?post=3401"}],"curies":[{"name":"wp","href":"https:\/\/api.w.org\/{rel}","templated":true}]}}