{"id":3367,"date":"2016-12-07T20:10:40","date_gmt":"2016-12-07T18:10:40","guid":{"rendered":"http:\/\/aeroklubelblaski.pl\/?p=1367"},"modified":"2016-12-07T20:10:40","modified_gmt":"2016-12-07T18:10:40","slug":"miedzynarodowy-dzien-lotnictwa-cywilnego","status":"publish","type":"post","link":"http:\/\/aeroklubelblaski.pl\/index.php\/2016\/12\/07\/miedzynarodowy-dzien-lotnictwa-cywilnego\/","title":{"rendered":"Mi\u0119dzynarodowy Dzie\u0144 Lotnictwa Cywilnego"},"content":{"rendered":"<p>Z okazji Mi\u0119dzynarodowego Dnia Lotnictwa Cywilnego ekipa Aeroklubu Elbl\u0105skiego sk\u0142ada ca\u0142ej braci lotniczej najserdeczniejsze \u017cyczenia udanych i bezpiecznych operacji lotniczych!<img loading=\"lazy\" class=\"aligncenter size-medium wp-image-778\" alt=\"IMG_4130\" src=\"http:\/\/aeroklubelblaski.pl\/wp-content\/uploads\/2012\/07\/IMG_4130-800x533.jpg\" width=\"800\" height=\"533\" \/><\/p>\n","protected":false},"excerpt":{"rendered":"<p>Z okazji Mi\u0119dzynarodowego Dnia Lotnictwa Cywilnego ekipa Aeroklubu Elbl\u0105skiego sk\u0142ada ca\u0142ej braci lotniczej najserdeczniejsze \u017cyczenia udanych i bezpiecznych operacji lotniczych!<\/p>\n","protected":false},"author":6,"featured_media":0,"comment_status":"open","ping_status":"open","sticky":false,"template":"","format":"standard","meta":{"_et_pb_use_builder":"","_et_pb_old_content":"","_et_gb_content_width":""},"categories":[],"tags":[],"_links":{"self":[{"href":"http:\/\/aeroklubelblaski.pl\/index.php\/wp-json\/wp\/v2\/posts\/3367"}],"collection":[{"href":"http:\/\/aeroklubelblaski.pl\/index.php\/wp-json\/wp\/v2\/posts"}],"about":[{"href":"http:\/\/aeroklubelblaski.pl\/index.php\/wp-json\/wp\/v2\/types\/post"}],"author":[{"embeddable":true,"href":"http:\/\/aeroklubelblaski.pl\/index.php\/wp-json\/wp\/v2\/users\/6"}],"replies":[{"embeddable":true,"href":"http:\/\/aeroklubelblaski.pl\/index.php\/wp-json\/wp\/v2\/comments?post=3367"}],"version-history":[{"count":0,"href":"http:\/\/aeroklubelblaski.pl\/index.php\/wp-json\/wp\/v2\/posts\/3367\/revisions"}],"wp:attachment":[{"href":"http:\/\/aeroklubelblaski.pl\/index.php\/wp-json\/wp\/v2\/media?parent=3367"}],"wp:term":[{"taxonomy":"category","embeddable":true,"href":"http:\/\/aeroklubelblaski.pl\/index.php\/wp-json\/wp\/v2\/categories?post=3367"},{"taxonomy":"post_tag","embeddable":true,"href":"http:\/\/aeroklubelblaski.pl\/index.php\/wp-json\/wp\/v2\/tags?post=3367"}],"curies":[{"name":"wp","href":"https:\/\/api.w.org\/{rel}","templated":true}]}}