{"id":3343,"date":"2016-08-14T21:22:46","date_gmt":"2016-08-14T19:22:46","guid":{"rendered":"http:\/\/aeroklubelblaski.pl\/?p=1343"},"modified":"2016-08-22T00:04:20","modified_gmt":"2016-08-21T22:04:20","slug":"rodzinny-piknik-lotniczy","status":"publish","type":"post","link":"http:\/\/aeroklubelblaski.pl\/index.php\/2016\/08\/14\/rodzinny-piknik-lotniczy\/","title":{"rendered":"Rodzinny Piknik Lotniczy"},"content":{"rendered":"<p><strong><span style=\"color: red;\">Aeroklub Elbl\u0105ski po raz kolejny ma przyjemno\u015b\u0107 zaprosi\u0107 wszystkich mieszka\u0144c\u00f3w Elbl\u0105ga i okolic na Rodzinny Piknik Lotniczy!<\/span><\/strong><br \/>\nJe\u015bli interesuje Cie lotnictwo, chcesz zobaczy\u0107 jak pracujemy i<br \/>\nrozwijamy nasz\u0105 pasj\u0119 &#8211; to b\u0119dzie idealna okazja do odwiedzenia nas i przyjrzenia si\u0119 lotnictwu z bliska!<\/p>\n<p>Tego dnia organizujemy dla Was wiele atrakcji, takich jak:<br \/>\n&#8211; Wystawa statyczna sprz\u0119tu Aeroklubu,<br \/>\n&#8211; Przeloty zapoznawcze szybowcem i samolotem,<br \/>\n&#8211; Wystawa sprz\u0119tu 16 Pomorskiej Dywizji Zmechanizowanej,<br \/>\n&#8211; Autobus do oddawania krwi,<br \/>\n&#8211; Przeja\u017cd\u017cki konne,<br \/>\n&#8211; Food trucki,<br \/>\n&#8211; Wieczorny koncert &#8222;Dobra Bomba&#8221;,<br \/>\n&#8211; Walki rycerskie i strzelanie z \u0142uku z Elbl\u0105sk\u0105 Szko\u0142\u0105 Fechtunku Fortis<\/p>\n<p>&#8230;oraz kilka niespodzianek \ud83d\ude42<\/p>\n<p>Informacje na temat atrakcji b\u0119dziemy na bie\u017c\u0105co aktualizowa\u0107 na <a href=\"https:\/\/www.facebook.com\/events\/1769873556635249\/\">stronie wydarzenia na Facebooku<\/a> oraz na naszej stronie.<br \/>\n<strong><span style=\"color: blue;\">Startujemy w niedziel\u0119, 28 sierpnia, o godzinie 11:00. Do zobaczenia!<\/span><\/strong><\/p>\n<p><img class=\"aligncenter size-medium wp-image-1344\" alt=\"zdj wydarzenia\" src=\"http:\/\/aeroklubelblaski.pl\/wp-content\/uploads\/2016\/08\/zdj-wydarzenia.bmp\" \/><\/p>\n","protected":false},"excerpt":{"rendered":"<p>Aeroklub Elbl\u0105ski po raz kolejny ma przyjemno\u015b\u0107 zaprosi\u0107 wszystkich mieszka\u0144c\u00f3w Elbl\u0105ga i okolic na Rodzinny Piknik Lotniczy! Je\u015bli interesuje Cie lotnictwo, chcesz zobaczy\u0107 jak pracujemy i rozwijamy nasz\u0105 pasj\u0119 &#8211; to b\u0119dzie idealna okazja do odwiedzenia nas i przyjrzenia si\u0119 lotnictwu z bliska! Tego dnia organizujemy dla Was wiele atrakcji, takich jak: &#8211; Wystawa statyczna [&hellip;]<\/p>\n","protected":false},"author":6,"featured_media":0,"comment_status":"open","ping_status":"open","sticky":false,"template":"","format":"standard","meta":{"_et_pb_use_builder":"","_et_pb_old_content":"","_et_gb_content_width":""},"categories":[],"tags":[],"_links":{"self":[{"href":"http:\/\/aeroklubelblaski.pl\/index.php\/wp-json\/wp\/v2\/posts\/3343"}],"collection":[{"href":"http:\/\/aeroklubelblaski.pl\/index.php\/wp-json\/wp\/v2\/posts"}],"about":[{"href":"http:\/\/aeroklubelblaski.pl\/index.php\/wp-json\/wp\/v2\/types\/post"}],"author":[{"embeddable":true,"href":"http:\/\/aeroklubelblaski.pl\/index.php\/wp-json\/wp\/v2\/users\/6"}],"replies":[{"embeddable":true,"href":"http:\/\/aeroklubelblaski.pl\/index.php\/wp-json\/wp\/v2\/comments?post=3343"}],"version-history":[{"count":0,"href":"http:\/\/aeroklubelblaski.pl\/index.php\/wp-json\/wp\/v2\/posts\/3343\/revisions"}],"wp:attachment":[{"href":"http:\/\/aeroklubelblaski.pl\/index.php\/wp-json\/wp\/v2\/media?parent=3343"}],"wp:term":[{"taxonomy":"category","embeddable":true,"href":"http:\/\/aeroklubelblaski.pl\/index.php\/wp-json\/wp\/v2\/categories?post=3343"},{"taxonomy":"post_tag","embeddable":true,"href":"http:\/\/aeroklubelblaski.pl\/index.php\/wp-json\/wp\/v2\/tags?post=3343"}],"curies":[{"name":"wp","href":"https:\/\/api.w.org\/{rel}","templated":true}]}}