{"id":3334,"date":"2016-07-19T12:55:10","date_gmt":"2016-07-19T10:55:10","guid":{"rendered":"http:\/\/aeroklubelblaski.pl\/?p=1334"},"modified":"2016-07-19T12:55:10","modified_gmt":"2016-07-19T10:55:10","slug":"nadzwyczajne-walne-zgromadzenie-czlonkow-aeroklubu-elblaskiego","status":"publish","type":"post","link":"http:\/\/aeroklubelblaski.pl\/index.php\/2016\/07\/19\/nadzwyczajne-walne-zgromadzenie-czlonkow-aeroklubu-elblaskiego\/","title":{"rendered":"Nadzwyczajne Walne Zgromadzenie Cz\u0142onk\u00f3w Aeroklubu Elbl\u0105skiego"},"content":{"rendered":"<p>Dnia <strong>06-08-2016 (sobota)<\/strong> o godz. <strong>10:00<\/strong> (pierwszy termin), godz. 10:15 (drugi termin)\u00a0<strong>w siedzibie Aeroklubu Elbl\u0105skiego\u00a0<\/strong>odb\u0119dzie si\u0119 Nadzwyczajne Walne Zgromadzenie Cz\u0142onk\u00f3w Aeroklubu Elbl\u0105skiego.<\/p>\n<p>Przedmiotem obrad b\u0119dzie ustanowienie s\u0142u\u017cebno\u015bci przesy\u0142u na rzecz sp\u00f3\u0142ki PGNiG.<\/p>\n","protected":false},"excerpt":{"rendered":"<p>Dnia 06-08-2016 (sobota) o godz. 10:00 (pierwszy termin), godz. 10:15 (drugi termin)\u00a0w siedzibie Aeroklubu Elbl\u0105skiego\u00a0odb\u0119dzie si\u0119 Nadzwyczajne Walne Zgromadzenie Cz\u0142onk\u00f3w Aeroklubu Elbl\u0105skiego. Przedmiotem obrad b\u0119dzie ustanowienie s\u0142u\u017cebno\u015bci przesy\u0142u na rzecz sp\u00f3\u0142ki PGNiG.<\/p>\n","protected":false},"author":6,"featured_media":0,"comment_status":"open","ping_status":"open","sticky":false,"template":"","format":"standard","meta":{"_et_pb_use_builder":"","_et_pb_old_content":"","_et_gb_content_width":""},"categories":[],"tags":[],"_links":{"self":[{"href":"http:\/\/aeroklubelblaski.pl\/index.php\/wp-json\/wp\/v2\/posts\/3334"}],"collection":[{"href":"http:\/\/aeroklubelblaski.pl\/index.php\/wp-json\/wp\/v2\/posts"}],"about":[{"href":"http:\/\/aeroklubelblaski.pl\/index.php\/wp-json\/wp\/v2\/types\/post"}],"author":[{"embeddable":true,"href":"http:\/\/aeroklubelblaski.pl\/index.php\/wp-json\/wp\/v2\/users\/6"}],"replies":[{"embeddable":true,"href":"http:\/\/aeroklubelblaski.pl\/index.php\/wp-json\/wp\/v2\/comments?post=3334"}],"version-history":[{"count":0,"href":"http:\/\/aeroklubelblaski.pl\/index.php\/wp-json\/wp\/v2\/posts\/3334\/revisions"}],"wp:attachment":[{"href":"http:\/\/aeroklubelblaski.pl\/index.php\/wp-json\/wp\/v2\/media?parent=3334"}],"wp:term":[{"taxonomy":"category","embeddable":true,"href":"http:\/\/aeroklubelblaski.pl\/index.php\/wp-json\/wp\/v2\/categories?post=3334"},{"taxonomy":"post_tag","embeddable":true,"href":"http:\/\/aeroklubelblaski.pl\/index.php\/wp-json\/wp\/v2\/tags?post=3334"}],"curies":[{"name":"wp","href":"https:\/\/api.w.org\/{rel}","templated":true}]}}