{"id":3230,"date":"2015-08-12T18:20:12","date_gmt":"2015-08-12T16:20:12","guid":{"rendered":"http:\/\/aeroklubelblaski.pl\/?p=1230"},"modified":"2015-08-21T16:55:18","modified_gmt":"2015-08-21T14:55:18","slug":"zapraszamy-na-festyn-lotniczo-rodzinny-pod-nazwa-bezpieczny-powrot-do-szkoly","status":"publish","type":"post","link":"http:\/\/aeroklubelblaski.pl\/index.php\/2015\/08\/12\/zapraszamy-na-festyn-lotniczo-rodzinny-pod-nazwa-bezpieczny-powrot-do-szkoly\/","title":{"rendered":"Zapraszamy na festyn lotniczo-rodzinny pod nazw\u0105 &#8222;Bezpieczny powr\u00f3t do szko\u0142y&#8221;"},"content":{"rendered":"<p><a href=\"http:\/\/aeroklubelblaski.pl\/wp-content\/uploads\/2015\/08\/plakat_a31.jpg\"><img loading=\"lazy\" class=\"aligncenter size-medium wp-image-1237\" alt=\"plakat_a3(1)\" src=\"http:\/\/aeroklubelblaski.pl\/wp-content\/uploads\/2015\/08\/plakat_a31-452x640.jpg\" width=\"452\" height=\"640\" \/><\/a><\/p>\n<p>Stowarzyszenie Aeroklub Elbl\u0105ski organizuje\u00a0 29 sierpnia 2015r. W godzinach 11.00-19.00 Festyn lotniczo-rodzinny pod has\u0142em: \u201eBezpieczny powr\u00f3t do szko\u0142y\u201d.<\/p>\n<p>G\u0142\u00f3wn\u0105 atrakcj\u0105 naszego pikniku b\u0119d\u0105 loty widokowe samolotem nad miastem i okolicami, loty zapoznawcze na szybowcu.<\/p>\n<p>Nie zabraknie r\u00f3wnie\u017c atrakcji dla najm\u0142odszych dzieci b\u0119d\u0105 m.in.:<\/p>\n<p>&#8211;\u00a0\u00a0\u00a0\u00a0\u00a0\u00a0\u00a0 zamki i zje\u017cd\u017calnie dmuchane &#8211; bezp\u0142atne,<\/p>\n<p>&#8211;\u00a0\u00a0\u00a0\u00a0\u00a0\u00a0\u00a0 zabawy na trampolinach dla dzieci i doros\u0142ych (Jump Fitness Maciej Skrobotun) \u2013 bezp\u0142atne,<\/p>\n<p>&#8211;\u00a0\u00a0\u00a0\u00a0\u00a0\u00a0\u00a0 przeja\u017cd\u017aki\u00a0 konne z Fundacj\u0105 Ko\u0144skie Zdrowie,<\/p>\n<p>&#8211;\u00a0\u00a0\u00a0\u00a0\u00a0\u00a0\u00a0 k\u0105cik z zabawkami, wat\u0105 cukrow\u0105 i popcornem.<\/p>\n<p>&nbsp;<\/p>\n<p>Dzieci b\u0119d\u0105 mog\u0142y podziwia\u0107 pojazdy s\u0142u\u017cb mundurowych, utworzone zostanie stanowisko profilaktyczne STOP dopalaczom. Opr\u00f3cz wy\u017cej wymienionych atrakcji \u017co\u0142nierze Oddzia\u0142u \u017bandarmerii Wojskowej w Elbl\u0105gu zaprezentuj\u0105 go\u015bciom wykorzystywany w codziennej s\u0142u\u017cbie sprz\u0119t prewencyjny oraz pojazdy s\u0142u\u017cbowe. Ponadto go\u015bcie odwiedzaj\u0105cy stoisko promuj\u0105ce \u017bandarmerii podczas zjazdu na symulatorze zderze\u0144 osobi\u015bcie przekonaj\u0105 si\u0119, jakie si\u0142y dzia\u0142aj\u0105 na cz\u0142owieka w czasie uderzenia samochodu w przeszkod\u0119. Dzi\u0119ki wykorzystaniu okular\u00f3w typu alkogogle mieszka\u0144cy Elbl\u0105ga za pomoc\u0105 prostych \u0107wicze\u0144 przekonaj\u0105 si\u0119 jakie\u00a0 trudno\u015bci z koordynacj\u0105 ruch\u00f3w wyst\u0119puj\u0105 w stanie nietrze\u017awo\u015bci .<\/p>\n<p>Ponadto wsp\u00f3lnie z rodzin\u0105, przyjaci\u00f3\u0142mi b\u0119dzie mo\u017cna skosztowa\u0107 przysmak\u00f3w grillowych przyrz\u0105dzanych przez Kawiarni\u0119 U Aktor\u00f3w oraz napi\u0107 si\u0119 napoj\u00f3w ch\u0142odz\u0105cych.<\/p>\n<p>Z atrakcji lotniczych nie zabraknie r\u00f3wnie\u017c skok\u00f3w spadochronowych, wystawy sprz\u0119tu lotniczego, wystawy modelarskiej, b\u0119dzie tak\u017ce ogr\u00f3dek paralotniowy.<\/p>\n<p>W czasie festynu lotniczego b\u0119dzie tak\u017ce stanowisko z przedstawicielami elbl\u0105skiego kajakarstwa. Prezentowa\u0107 si\u0119 b\u0119d\u0105 kajakarze \u201ezwodowcy\u201d startuj\u0105cy na arenach krajowych i zagranicznych uczestnicz\u0105c w wy\u015bcigach na dystansach olimpijskich jak i w multimaratonach (50-100km). Kajakarze zaprezentuj\u0105 sw\u00f3j sprz\u0119t, b\u0119dzie mo\u017cliwo\u015b\u0107 wios\u0142owania \u201ena sucho\u201d oraz porozmawiania z najlepszymi.<\/p>\n<p>&nbsp;<\/p>\n<p align=\"center\"><b>Wjazd i parking od ulicy Akacjowej.<\/b><\/p>\n<p>&nbsp;<\/p>\n<p align=\"center\"><b>Zapraszamy na lotnisko<\/b><\/p>\n<p>&nbsp;<\/p>\n<p>&nbsp;<\/p>\n<p><a href=\"http:\/\/aeroklubelblaski.pl\/wp-content\/uploads\/2012\/07\/IMG_4482.jpg\"><img loading=\"lazy\" class=\"aligncenter size-medium wp-image-819\" alt=\"IMG_4482\" src=\"http:\/\/aeroklubelblaski.pl\/wp-content\/uploads\/2012\/07\/IMG_4482-800x533.jpg\" width=\"800\" height=\"533\" \/><\/a><\/p>\n<p>&nbsp;<\/p>\n","protected":false},"excerpt":{"rendered":"<p>Stowarzyszenie Aeroklub Elbl\u0105ski organizuje\u00a0 29 sierpnia 2015r. W godzinach 11.00-19.00 Festyn lotniczo-rodzinny pod has\u0142em: \u201eBezpieczny powr\u00f3t do szko\u0142y\u201d. G\u0142\u00f3wn\u0105 atrakcj\u0105 naszego pikniku b\u0119d\u0105 loty widokowe samolotem nad miastem i okolicami, loty zapoznawcze na szybowcu. Nie zabraknie r\u00f3wnie\u017c atrakcji dla najm\u0142odszych dzieci b\u0119d\u0105 m.in.: &#8211;\u00a0\u00a0\u00a0\u00a0\u00a0\u00a0\u00a0 zamki i zje\u017cd\u017calnie dmuchane &#8211; bezp\u0142atne, &#8211;\u00a0\u00a0\u00a0\u00a0\u00a0\u00a0\u00a0 zabawy na trampolinach dla [&hellip;]<\/p>\n","protected":false},"author":4,"featured_media":1237,"comment_status":"closed","ping_status":"closed","sticky":false,"template":"","format":"standard","meta":{"_et_pb_use_builder":"","_et_pb_old_content":"","_et_gb_content_width":""},"categories":[],"tags":[],"_links":{"self":[{"href":"http:\/\/aeroklubelblaski.pl\/index.php\/wp-json\/wp\/v2\/posts\/3230"}],"collection":[{"href":"http:\/\/aeroklubelblaski.pl\/index.php\/wp-json\/wp\/v2\/posts"}],"about":[{"href":"http:\/\/aeroklubelblaski.pl\/index.php\/wp-json\/wp\/v2\/types\/post"}],"author":[{"embeddable":true,"href":"http:\/\/aeroklubelblaski.pl\/index.php\/wp-json\/wp\/v2\/users\/4"}],"replies":[{"embeddable":true,"href":"http:\/\/aeroklubelblaski.pl\/index.php\/wp-json\/wp\/v2\/comments?post=3230"}],"version-history":[{"count":0,"href":"http:\/\/aeroklubelblaski.pl\/index.php\/wp-json\/wp\/v2\/posts\/3230\/revisions"}],"wp:featuredmedia":[{"embeddable":true,"href":"http:\/\/aeroklubelblaski.pl\/index.php\/wp-json\/wp\/v2\/media\/1237"}],"wp:attachment":[{"href":"http:\/\/aeroklubelblaski.pl\/index.php\/wp-json\/wp\/v2\/media?parent=3230"}],"wp:term":[{"taxonomy":"category","embeddable":true,"href":"http:\/\/aeroklubelblaski.pl\/index.php\/wp-json\/wp\/v2\/categories?post=3230"},{"taxonomy":"post_tag","embeddable":true,"href":"http:\/\/aeroklubelblaski.pl\/index.php\/wp-json\/wp\/v2\/tags?post=3230"}],"curies":[{"name":"wp","href":"https:\/\/api.w.org\/{rel}","templated":true}]}}