{"id":3203,"date":"2015-06-27T14:00:56","date_gmt":"2015-06-27T12:00:56","guid":{"rendered":"http:\/\/aeroklubelblaski.pl\/?p=1203"},"modified":"2015-06-28T16:42:15","modified_gmt":"2015-06-28T14:42:15","slug":"wakacje-rozpoczete","status":"publish","type":"post","link":"http:\/\/aeroklubelblaski.pl\/index.php\/2015\/06\/27\/wakacje-rozpoczete\/","title":{"rendered":"Wakacje rozpocz\u0119te!"},"content":{"rendered":"<p>Pierwszy weekend wakacji rozpoczynamy aktywnie &#8211; bo gdzie najlepiej rozpocz\u0105\u0107 wakacje jak nie na lotnisku? \ud83d\ude09<\/p>\n<p><strong>Je\u015bli chcesz polata\u0107 z nami, odwied\u017a zak\u0142adk\u0119 &#8222;szkolenia&#8221;. Serdecznie zapraszamy!<\/strong><\/p>\n<div id=\"attachment_1204\" style=\"width: 810px\" class=\"wp-caption aligncenter\"><a href=\"http:\/\/aeroklubelblaski.pl\/wp-content\/uploads\/2015\/06\/IMAG0103.jpg\"><img aria-describedby=\"caption-attachment-1204\" loading=\"lazy\" class=\" wp-image-1204\" alt=\"IMAG0103\" src=\"http:\/\/aeroklubelblaski.pl\/wp-content\/uploads\/2015\/06\/IMAG0103-800x452.jpg\" width=\"800\" height=\"452\" \/><\/a><p id=\"caption-attachment-1204\" class=\"wp-caption-text\">Miko\u0142aj w PW-5. fot. Zbigniew Ku\u015bmierz<\/p><\/div>\n<div id=\"attachment_1205\" style=\"width: 810px\" class=\"wp-caption aligncenter\"><a href=\"http:\/\/aeroklubelblaski.pl\/wp-content\/uploads\/2015\/06\/IMAG0113.jpg\"><img aria-describedby=\"caption-attachment-1205\" loading=\"lazy\" class=\" wp-image-1205\" alt=\"IMAG0113\" src=\"http:\/\/aeroklubelblaski.pl\/wp-content\/uploads\/2015\/06\/IMAG0113-800x452.jpg\" width=\"800\" height=\"452\" \/><\/a><p id=\"caption-attachment-1205\" class=\"wp-caption-text\">Przed startem. fot. Zbigniew Ku\u015bmierz<\/p><\/div>\n<div id=\"attachment_1206\" style=\"width: 810px\" class=\"wp-caption aligncenter\"><a href=\"http:\/\/aeroklubelblaski.pl\/wp-content\/uploads\/2015\/06\/IMAG0128.jpg\"><img aria-describedby=\"caption-attachment-1206\" loading=\"lazy\" class=\" wp-image-1206\" alt=\"IMAG0128\" src=\"http:\/\/aeroklubelblaski.pl\/wp-content\/uploads\/2015\/06\/IMAG0128-800x452.jpg\" width=\"800\" height=\"452\" \/><\/a><p id=\"caption-attachment-1206\" class=\"wp-caption-text\">Jacek w Juniorze, obok niego Roman. fot. Zbigniew Ku\u015bmierz<\/p><\/div>\n","protected":false},"excerpt":{"rendered":"<p>Pierwszy weekend wakacji rozpoczynamy aktywnie &#8211; bo gdzie najlepiej rozpocz\u0105\u0107 wakacje jak nie na lotnisku? \ud83d\ude09 Je\u015bli chcesz polata\u0107 z nami, odwied\u017a zak\u0142adk\u0119 &#8222;szkolenia&#8221;. Serdecznie zapraszamy!<\/p>\n","protected":false},"author":6,"featured_media":1204,"comment_status":"open","ping_status":"open","sticky":false,"template":"","format":"standard","meta":{"_et_pb_use_builder":"","_et_pb_old_content":"","_et_gb_content_width":""},"categories":[],"tags":[],"_links":{"self":[{"href":"http:\/\/aeroklubelblaski.pl\/index.php\/wp-json\/wp\/v2\/posts\/3203"}],"collection":[{"href":"http:\/\/aeroklubelblaski.pl\/index.php\/wp-json\/wp\/v2\/posts"}],"about":[{"href":"http:\/\/aeroklubelblaski.pl\/index.php\/wp-json\/wp\/v2\/types\/post"}],"author":[{"embeddable":true,"href":"http:\/\/aeroklubelblaski.pl\/index.php\/wp-json\/wp\/v2\/users\/6"}],"replies":[{"embeddable":true,"href":"http:\/\/aeroklubelblaski.pl\/index.php\/wp-json\/wp\/v2\/comments?post=3203"}],"version-history":[{"count":0,"href":"http:\/\/aeroklubelblaski.pl\/index.php\/wp-json\/wp\/v2\/posts\/3203\/revisions"}],"wp:featuredmedia":[{"embeddable":true,"href":"http:\/\/aeroklubelblaski.pl\/index.php\/wp-json\/wp\/v2\/media\/1204"}],"wp:attachment":[{"href":"http:\/\/aeroklubelblaski.pl\/index.php\/wp-json\/wp\/v2\/media?parent=3203"}],"wp:term":[{"taxonomy":"category","embeddable":true,"href":"http:\/\/aeroklubelblaski.pl\/index.php\/wp-json\/wp\/v2\/categories?post=3203"},{"taxonomy":"post_tag","embeddable":true,"href":"http:\/\/aeroklubelblaski.pl\/index.php\/wp-json\/wp\/v2\/tags?post=3203"}],"curies":[{"name":"wp","href":"https:\/\/api.w.org\/{rel}","templated":true}]}}