{"id":3190,"date":"2015-06-11T16:14:10","date_gmt":"2015-06-11T14:14:10","guid":{"rendered":"http:\/\/aeroklubelblaski.pl\/?p=1190"},"modified":"2015-06-11T20:52:12","modified_gmt":"2015-06-11T18:52:12","slug":"krotki-oboz-szybowcowy-zar","status":"publish","type":"post","link":"http:\/\/aeroklubelblaski.pl\/index.php\/2015\/06\/11\/krotki-oboz-szybowcowy-zar\/","title":{"rendered":"Kr\u00f3tki Ob\u00f3z Szybowcowy \u017bar"},"content":{"rendered":"<p><a href=\"http:\/\/aeroklubelblaski.pl\/wp-content\/uploads\/2015\/06\/kosz-logo.jpg\"><img loading=\"lazy\" class=\"aligncenter size-medium wp-image-1191\" alt=\"kosz logo\" src=\"http:\/\/aeroklubelblaski.pl\/wp-content\/uploads\/2015\/06\/kosz-logo-800x614.jpg\" width=\"800\" height=\"614\" \/><\/a><strong>Pierwszy KOSz &#8211; Kr\u00f3tki Ob\u00f3z Szybowcowy 2015<\/strong><\/p>\n<p>Podczas &#8222;d\u0142ugiego weekendu&#8221; nasza ekipa wybra\u0142a si\u0119 na po\u0142udnie &#8211; do Mi\u0119dzybrodzia \u017bywieckiego, aby odwiedzi\u0107 G\u00f3rsk\u0105 Szko\u0142\u0119 Szybowcow\u0105!<\/p>\n<p>Wyruszyli\u015bmy w \u015brod\u0119, 3 czerwca, po po\u0142udniu. Dotarli\u015bmy na miejsce wieczorem i mieli\u015bmy nieco czasu na przygotowania &#8211; jako \u017ce &#8222;W Bo\u017ce Cia\u0142o si\u0119 nie lata&#8221;, kolejny dzie\u0144 sp\u0119dzili\u015bmy w parku linowym i na wycieczkach rowerowych.<\/p>\n<p>W pi\u0105tek rozpocz\u0119\u0142o si\u0119 latanie! Nasi piloci odbyli loty sprawdzaj\u0105ce z instruktorem Januszem Kami\u0144skim. Towarzyszyli nam r\u00f3wnie\u017c paralotniarze oraz pi\u0119kne widoki.<\/p>\n<p style=\"text-align: left;\"><a href=\"http:\/\/aeroklubelblaski.pl\/wp-content\/uploads\/2015\/06\/IMG_9628.jpg\"><img loading=\"lazy\" class=\"aligncenter size-medium wp-image-1192\" alt=\"IMG_9628\" src=\"http:\/\/aeroklubelblaski.pl\/wp-content\/uploads\/2015\/06\/IMG_9628-800x600.jpg\" width=\"800\" height=\"600\" \/><\/a>Dla mnie najwi\u0119ksza przygoda zacz\u0119\u0142a si\u0119 jednak nast\u0119pnego dnia &#8211; zosta\u0142em dopuszczony do lot\u00f3w samodzielnych! Po przygotowaniu kadrowej PW-5, wybra\u0142em si\u0119 na termiczno-\u017caglowy lot po okolicy. Dzie\u0144 zako\u0144czy\u0142em oficjalnym &#8222;laszowaniem&#8221; Smyka. A potem&#8230; wizyta u Biskupa! Obejrzeli\u015bmy warsztat z szybowcami lepszymi ni\u017c fabryczne &#8211; bo robionymi r\u0119cznie, a nie &#8222;ta\u015bmowo&#8221;.<\/p>\n<p><a href=\"http:\/\/aeroklubelblaski.pl\/wp-content\/uploads\/2015\/06\/IMG_9723.jpg\"><img loading=\"lazy\" class=\" wp-image-1193 \" alt=\"\" src=\"http:\/\/aeroklubelblaski.pl\/wp-content\/uploads\/2015\/06\/IMG_9723-800x600.jpg\" width=\"800\" height=\"600\" \/><\/a><\/p>\n<p><a href=\"http:\/\/aeroklubelblaski.pl\/wp-content\/uploads\/2015\/06\/IMG_9716.jpg\"><img loading=\"lazy\" class=\" wp-image-1194\" alt=\"Z wizyt\u0105 u Biskupa\" src=\"http:\/\/aeroklubelblaski.pl\/wp-content\/uploads\/2015\/06\/IMG_9716-800x600.jpg\" width=\"800\" height=\"600\" \/><\/a><\/p>\n<p>Kolejny dzie\u0144 to kolejne loty, wizyta poczciwego Zlina i &#8211; niestety &#8211; powrotu. W niedzielne popo\u0142udnie wyruszyli\u015bmy w podr\u00f3\u017c powrotn\u0105.<\/p>\n<p>G\u00f3rska Szko\u0142a Szybowcowa na \u017barze dzia\u0142a przez niemal ca\u0142y rok. Warunki do latania s\u0105 tam naprawd\u0119 ciekawe, widoki s\u0105 przepi\u0119kne, a ekipa to pasjonaci!<\/p>\n<p>Planujemy kolejny Kr\u00f3tki Ob\u00f3z Szybowcowy ju\u017c nied\u0142ugo. \u015aled\u017acie nasz\u0105 stron\u0119, aby pozosta\u0107 na bie\u017c\u0105co! Zach\u0119cam r\u00f3wnie\u017c do odwiedzenia galerii <a title=\"galeria\" href=\"http:\/\/aeroklubelblaski.pl\/galeria\/\" target=\"_blank\">zdj\u0119\u0107<\/a>.<\/p>\n<p><em>Miko\u0142aj Pernak Jr.<\/em><\/p>\n<p>&nbsp;<\/p>\n<p>&nbsp;<\/p>\n","protected":false},"excerpt":{"rendered":"<p>Pierwszy KOSz &#8211; Kr\u00f3tki Ob\u00f3z Szybowcowy 2015 Podczas &#8222;d\u0142ugiego weekendu&#8221; nasza ekipa wybra\u0142a si\u0119 na po\u0142udnie &#8211; do Mi\u0119dzybrodzia \u017bywieckiego, aby odwiedzi\u0107 G\u00f3rsk\u0105 Szko\u0142\u0119 Szybowcow\u0105! Wyruszyli\u015bmy w \u015brod\u0119, 3 czerwca, po po\u0142udniu. Dotarli\u015bmy na miejsce wieczorem i mieli\u015bmy nieco czasu na przygotowania &#8211; jako \u017ce &#8222;W Bo\u017ce Cia\u0142o si\u0119 nie lata&#8221;, kolejny dzie\u0144 sp\u0119dzili\u015bmy w [&hellip;]<\/p>\n","protected":false},"author":6,"featured_media":1193,"comment_status":"open","ping_status":"open","sticky":false,"template":"","format":"standard","meta":{"_et_pb_use_builder":"","_et_pb_old_content":"","_et_gb_content_width":""},"categories":[],"tags":[],"_links":{"self":[{"href":"http:\/\/aeroklubelblaski.pl\/index.php\/wp-json\/wp\/v2\/posts\/3190"}],"collection":[{"href":"http:\/\/aeroklubelblaski.pl\/index.php\/wp-json\/wp\/v2\/posts"}],"about":[{"href":"http:\/\/aeroklubelblaski.pl\/index.php\/wp-json\/wp\/v2\/types\/post"}],"author":[{"embeddable":true,"href":"http:\/\/aeroklubelblaski.pl\/index.php\/wp-json\/wp\/v2\/users\/6"}],"replies":[{"embeddable":true,"href":"http:\/\/aeroklubelblaski.pl\/index.php\/wp-json\/wp\/v2\/comments?post=3190"}],"version-history":[{"count":0,"href":"http:\/\/aeroklubelblaski.pl\/index.php\/wp-json\/wp\/v2\/posts\/3190\/revisions"}],"wp:featuredmedia":[{"embeddable":true,"href":"http:\/\/aeroklubelblaski.pl\/index.php\/wp-json\/wp\/v2\/media\/1193"}],"wp:attachment":[{"href":"http:\/\/aeroklubelblaski.pl\/index.php\/wp-json\/wp\/v2\/media?parent=3190"}],"wp:term":[{"taxonomy":"category","embeddable":true,"href":"http:\/\/aeroklubelblaski.pl\/index.php\/wp-json\/wp\/v2\/categories?post=3190"},{"taxonomy":"post_tag","embeddable":true,"href":"http:\/\/aeroklubelblaski.pl\/index.php\/wp-json\/wp\/v2\/tags?post=3190"}],"curies":[{"name":"wp","href":"https:\/\/api.w.org\/{rel}","templated":true}]}}