{"id":3162,"date":"2015-05-31T20:45:32","date_gmt":"2015-05-31T18:45:32","guid":{"rendered":"http:\/\/aeroklubelblaski.pl\/?p=1162"},"modified":"2015-05-31T20:53:25","modified_gmt":"2015-05-31T18:53:25","slug":"sukces-naszej-zalogi-w-kornem","status":"publish","type":"post","link":"http:\/\/aeroklubelblaski.pl\/index.php\/2015\/05\/31\/sukces-naszej-zalogi-w-kornem\/","title":{"rendered":"Sukces naszej za\u0142ogi w Kornem!"},"content":{"rendered":"<p><strong>Dzisiaj, 31 maja br. na lotnisku w Kornem k. Ko\u015bcierzyny (woj. pomorskie) odby\u0142y si\u0119 I Og\u00f3lnopolskie Wiatrakowcowe Zawody na Celno\u015b\u0107 L\u0105dowania. Nasi reprezentanci, Miko\u0142aj Pernak wraz z synem, zaj\u0119li kolejno 5 i 3 miejs<\/strong><strong>ce!<\/strong><\/p>\n<p><a href=\"http:\/\/aeroklubelblaski.pl\/wp-content\/uploads\/2015\/05\/fb3.jpg\"><img loading=\"lazy\" class=\"aligncenter size-medium wp-image-1164\" alt=\"fb3\" src=\"http:\/\/aeroklubelblaski.pl\/wp-content\/uploads\/2015\/05\/fb3-800x320.jpg\" width=\"800\" height=\"320\" \/><\/a><\/p>\n<p>Dzie\u0144 lotny rozpocz\u0119li\u015bmy tradycyjnie, po zaci\u0105gni\u0119ciu na pas dw\u00f3ch szybowc\u00f3w mogli\u015bmy rozpocz\u0105\u0107 przygotowania do lotu. Pogoda nam sprzyja\u0142a, niewielkie zachmurzenie i umiarkowany wiatr nie stanowi\u0142y przeszk\u00f3d. Wystartowali\u015bmy nied\u0142ugo przed po\u0142udniem i w zespole dw\u00f3ch wiatrakowc\u00f3w &#8211; naszego Xenona i Oriona z Arkiem Paszunem na pok\u0142adzie &#8211; skierowali\u015bmy si\u0119 do Kornego. Arek szybko zaprezentowa\u0142 nam mo\u017cliwo\u015bci swojego sprz\u0119tu, zostawiaj\u0105c nas w tyle nie opu\u015bciwszy jeszcze elbl\u0105skiej strefy ATZ. Lecieli\u015bmy jednak dzielnie, po godzinie i 40 minutach lotu ujrzeli\u015bmy malownicze lotnisko EPKO.<\/p>\n<p><a href=\"http:\/\/aeroklubelblaski.pl\/wp-content\/uploads\/2015\/05\/IMG_9592.jpg\"><img loading=\"lazy\" class=\"aligncenter size-medium wp-image-1167\" alt=\"Wiatrak nad wiatrakami\" src=\"http:\/\/aeroklubelblaski.pl\/wp-content\/uploads\/2015\/05\/IMG_9592-480x640.jpg\" width=\"480\" height=\"640\" \/><\/a><\/p>\n<p>Po mi\u0142ym powitaniu przez w\u0142a\u015bcicieli lotniska oraz tamtejszych pilot\u00f3w rozpocz\u0119\u0142a si\u0119 odprawa przedstawiaj\u0105ca plan konkurencji. W skr\u00f3cie: na pasie zosta\u0142y wyznaczone dwa okr\u0119gi, o promieniach 25 i 10 metr\u00f3w. Za dotkni\u0119cie ko\u0142em kt\u00f3rego\u015b z okr\u0119gu dostaje si\u0119 punkty &#8211; odpowiednio 25 i 50 punkt\u00f3w za ko\u0142o. Przyznawane by\u0142y premie za zatrzymanie si\u0119 w okr\u0119gu, jednak dzisiejsza aura nie pozwoli\u0142a \u017cadnemu z zawodnik\u00f3w tego dokona\u0107 \ud83d\ude09<\/p>\n<p>Ju\u017c po pierwszych startach wiedzieli\u015bmy \u017ce nie b\u0119dzie \u0142atwo. Podmuchy wiatru skutecznie utrudnia\u0142y celne podej\u015bcie. Dlaczego by wi\u0119c nie doda\u0107 nieco mocy i przezwyci\u0119\u017cy\u0107 zmienny wiatr? Organizatorzy pomy\u015bleli o wszystkim &#8211; silnik nale\u017ca\u0142o zd\u0142awi\u0107 1000 st\u00f3p (ok. 300 m) nad punktem l\u0105dowania. Z uwagi na specyficzny profil podej\u015bcia wiatrakowca, strome spirale wykonywane przez kolejnych pilot\u00f3w wygl\u0105da\u0142y imponuj\u0105co. Ju\u017c po chwili zebra\u0142a si\u0119 spora grupa odwiedzaj\u0105cych.<\/p>\n<p>Miko\u0142aj Senior by\u0142 trzeci w kolejce, za nim startowa\u0142 nasz Kola &#8211; Miko\u0142aj Junior. Arek zrezygnowa\u0142 z l\u0105dowa\u0144 punktowanych. Z powietrza okaza\u0142o si\u0119, \u017ce trafienie w punkt o promieniu 10 metr\u00f3w faktycznie nie jest \u0142atwe. Po jednej pr\u00f3bie dla zaznajomienia si\u0119 z sytuacj\u0105 nast\u0119powa\u0142y trzy l\u0105dowania punktowane. Nasz przewodnicz\u0105cy sekcji samolotowej w dw\u00f3ch pr\u00f3bach l\u0105dowa\u0142 niedaleko 25-metrowego okr\u0119gu. Drzewa na skraju pasa przeszkodzi\u0142y w jednym z podej\u015b\u0107, gdzie zeszli\u015bmy nieco za nisko i trzeba by\u0142o u\u017cy\u0107 silnika (co by\u0142o traktowane jako &#8222;spalenie&#8221; pr\u00f3by). Syn z kolei przyj\u0105\u0142 inn\u0105 technik\u0119 podej\u015bcia i trzy razy uda\u0142o si\u0119 trafi\u0107 w punkt! Przyziemienia nast\u0119powa\u0142y cz\u0119\u015bciowo w 10 metrowym i 25 metrowym celu, walka by\u0142a wyr\u00f3wnana.<\/p>\n<p>Miko\u0142aj Senior zaj\u0105\u0142 5 miejsce, a Junior &#8211; z wynikiem 225 punkt\u00f3w uplasowa\u0142 si\u0119 na 3 miejscu!<\/p>\n<p>Zawodnicy otrzymali nagrody ufundowane przez Marsza\u0142ka Wojew\u00f3dztwa Pomorskiego oraz firm\u0119 Lubiana, a tak\u017ce pi\u0119kne statuetki:<\/p>\n<p><a href=\"http:\/\/aeroklubelblaski.pl\/wp-content\/uploads\/2015\/05\/dscn0907.jpg\"><img loading=\"lazy\" class=\"aligncenter size-medium wp-image-1173\" alt=\"dscn0907\" src=\"http:\/\/aeroklubelblaski.pl\/wp-content\/uploads\/2015\/05\/dscn0907-800x382.jpg\" width=\"800\" height=\"382\" \/><\/a><\/p>\n<p>&nbsp;<\/p>\n<p>Po wsp\u00f3lnym jedzeniu groch\u00f3wki wr\u00f3cili\u015bmy do domu &#8211; tym razem lecieli\u015bmy z wiatrem i droga powrotna by\u0142a kr\u00f3tsza. Dzi\u0119kujemy Organizatorom za wspania\u0142\u0105 zabaw\u0119!<\/p>\n<p><em>Miko\u0142aj Pernak Jr.<\/em><\/p>\n","protected":false},"excerpt":{"rendered":"<p>Dzisiaj, 31 maja br. na lotnisku w Kornem k. Ko\u015bcierzyny (woj. pomorskie) odby\u0142y si\u0119 I Og\u00f3lnopolskie Wiatrakowcowe Zawody na Celno\u015b\u0107 L\u0105dowania. Nasi reprezentanci, Miko\u0142aj Pernak wraz z synem, zaj\u0119li kolejno 5 i 3 miejsce! Dzie\u0144 lotny rozpocz\u0119li\u015bmy tradycyjnie, po zaci\u0105gni\u0119ciu na pas dw\u00f3ch szybowc\u00f3w mogli\u015bmy rozpocz\u0105\u0107 przygotowania do lotu. Pogoda nam sprzyja\u0142a, niewielkie zachmurzenie i [&hellip;]<\/p>\n","protected":false},"author":6,"featured_media":1167,"comment_status":"open","ping_status":"open","sticky":false,"template":"","format":"standard","meta":{"_et_pb_use_builder":"","_et_pb_old_content":"","_et_gb_content_width":""},"categories":[],"tags":[],"_links":{"self":[{"href":"http:\/\/aeroklubelblaski.pl\/index.php\/wp-json\/wp\/v2\/posts\/3162"}],"collection":[{"href":"http:\/\/aeroklubelblaski.pl\/index.php\/wp-json\/wp\/v2\/posts"}],"about":[{"href":"http:\/\/aeroklubelblaski.pl\/index.php\/wp-json\/wp\/v2\/types\/post"}],"author":[{"embeddable":true,"href":"http:\/\/aeroklubelblaski.pl\/index.php\/wp-json\/wp\/v2\/users\/6"}],"replies":[{"embeddable":true,"href":"http:\/\/aeroklubelblaski.pl\/index.php\/wp-json\/wp\/v2\/comments?post=3162"}],"version-history":[{"count":0,"href":"http:\/\/aeroklubelblaski.pl\/index.php\/wp-json\/wp\/v2\/posts\/3162\/revisions"}],"wp:featuredmedia":[{"embeddable":true,"href":"http:\/\/aeroklubelblaski.pl\/index.php\/wp-json\/wp\/v2\/media\/1167"}],"wp:attachment":[{"href":"http:\/\/aeroklubelblaski.pl\/index.php\/wp-json\/wp\/v2\/media?parent=3162"}],"wp:term":[{"taxonomy":"category","embeddable":true,"href":"http:\/\/aeroklubelblaski.pl\/index.php\/wp-json\/wp\/v2\/categories?post=3162"},{"taxonomy":"post_tag","embeddable":true,"href":"http:\/\/aeroklubelblaski.pl\/index.php\/wp-json\/wp\/v2\/tags?post=3162"}],"curies":[{"name":"wp","href":"https:\/\/api.w.org\/{rel}","templated":true}]}}