{"id":3149,"date":"2015-05-27T18:42:45","date_gmt":"2015-05-27T16:42:45","guid":{"rendered":"http:\/\/aeroklubelblaski.pl\/?p=1149"},"modified":"2015-05-27T18:42:45","modified_gmt":"2015-05-27T16:42:45","slug":"zapraszamy-na-loty-zapoznawcze","status":"publish","type":"post","link":"http:\/\/aeroklubelblaski.pl\/index.php\/2015\/05\/27\/zapraszamy-na-loty-zapoznawcze\/","title":{"rendered":"Zapraszamy na loty zapoznawcze"},"content":{"rendered":"<p>Aeroklub Elbl\u0105ski zaprasza na loty zapoznawcze samolotami Cessna i Morane.<\/p>\n<p>Chcesz rozpocz\u0105\u0107 podniebn\u0105 przygod\u0119, zobaczy\u0107 \u015bwiat z lotu ptaka lub poprostu zrobi\u0107 komu\u015b prezent &#8211; zadzwo\u0144 i um\u00f3w si\u0119 na lot. TEL. 512-158-488 lub 55 233 44 10,<br \/>\nkom 537 33 44 10.<\/p>\n<p><a href=\"http:\/\/aeroklubelblaski.pl\/wp-content\/uploads\/2012\/07\/IMG_3757.jpg\"><img loading=\"lazy\" class=\"aligncenter size-medium wp-image-727\" alt=\"235km\" src=\"http:\/\/aeroklubelblaski.pl\/wp-content\/uploads\/2012\/07\/IMG_3757-800x533.jpg\" width=\"800\" height=\"533\" \/><\/a><a href=\"http:\/\/aeroklubelblaski.pl\/wp-content\/uploads\/2012\/11\/cessna-kbw-e1352885583755.jpg\"><img loading=\"lazy\" class=\"aligncenter size-medium wp-image-844\" alt=\"cessna kbw\" src=\"http:\/\/aeroklubelblaski.pl\/wp-content\/uploads\/2012\/11\/cessna-kbw-800x533.jpg\" width=\"800\" height=\"533\" \/><\/a><\/p>\n","protected":false},"excerpt":{"rendered":"<p>Aeroklub Elbl\u0105ski zaprasza na loty zapoznawcze samolotami Cessna i Morane. Chcesz rozpocz\u0105\u0107 podniebn\u0105 przygod\u0119, zobaczy\u0107 \u015bwiat z lotu ptaka lub poprostu zrobi\u0107 komu\u015b prezent &#8211; zadzwo\u0144 i um\u00f3w si\u0119 na lot. TEL. 512-158-488 lub 55 233 44 10, kom 537 33 44 10.<\/p>\n","protected":false},"author":4,"featured_media":237,"comment_status":"closed","ping_status":"closed","sticky":false,"template":"","format":"standard","meta":{"_et_pb_use_builder":"","_et_pb_old_content":"","_et_gb_content_width":""},"categories":[],"tags":[],"_links":{"self":[{"href":"http:\/\/aeroklubelblaski.pl\/index.php\/wp-json\/wp\/v2\/posts\/3149"}],"collection":[{"href":"http:\/\/aeroklubelblaski.pl\/index.php\/wp-json\/wp\/v2\/posts"}],"about":[{"href":"http:\/\/aeroklubelblaski.pl\/index.php\/wp-json\/wp\/v2\/types\/post"}],"author":[{"embeddable":true,"href":"http:\/\/aeroklubelblaski.pl\/index.php\/wp-json\/wp\/v2\/users\/4"}],"replies":[{"embeddable":true,"href":"http:\/\/aeroklubelblaski.pl\/index.php\/wp-json\/wp\/v2\/comments?post=3149"}],"version-history":[{"count":0,"href":"http:\/\/aeroklubelblaski.pl\/index.php\/wp-json\/wp\/v2\/posts\/3149\/revisions"}],"wp:featuredmedia":[{"embeddable":true,"href":"http:\/\/aeroklubelblaski.pl\/index.php\/wp-json\/wp\/v2\/media\/237"}],"wp:attachment":[{"href":"http:\/\/aeroklubelblaski.pl\/index.php\/wp-json\/wp\/v2\/media?parent=3149"}],"wp:term":[{"taxonomy":"category","embeddable":true,"href":"http:\/\/aeroklubelblaski.pl\/index.php\/wp-json\/wp\/v2\/categories?post=3149"},{"taxonomy":"post_tag","embeddable":true,"href":"http:\/\/aeroklubelblaski.pl\/index.php\/wp-json\/wp\/v2\/tags?post=3149"}],"curies":[{"name":"wp","href":"https:\/\/api.w.org\/{rel}","templated":true}]}}