{"id":3139,"date":"2015-03-11T12:18:55","date_gmt":"2015-03-11T10:18:55","guid":{"rendered":"http:\/\/aeroklubelblaski.pl\/?p=1139"},"modified":"2015-03-11T12:26:20","modified_gmt":"2015-03-11T10:26:20","slug":"egzaminy-kwt","status":"publish","type":"post","link":"http:\/\/aeroklubelblaski.pl\/index.php\/2015\/03\/11\/egzaminy-kwt\/","title":{"rendered":"Egzaminy KWT"},"content":{"rendered":"<p>Zapraszamy wszystkich pilot\u00f3w i uczni\u00f3w-pilot\u00f3w zrzeszonych w naszym Aeroklubie do zdawania tegorocznej Kontroli Wiadomo\u015bci Teoretycznych w dniu 21.03.2015r. (sobota) o godz. 10.00<\/p>\n<p><a href=\"http:\/\/aeroklubelblaski.pl\/wp-content\/uploads\/2015\/03\/szybowiec.png\"><img loading=\"lazy\" class=\"aligncenter size-full wp-image-1143\" alt=\"szybowiec\" src=\"http:\/\/aeroklubelblaski.pl\/wp-content\/uploads\/2015\/03\/szybowiec.png\" width=\"775\" height=\"500\" \/><\/a><\/p>\n","protected":false},"excerpt":{"rendered":"<p>Zapraszamy wszystkich pilot\u00f3w i uczni\u00f3w-pilot\u00f3w zrzeszonych w naszym Aeroklubie do zdawania tegorocznej Kontroli Wiadomo\u015bci Teoretycznych w dniu 21.03.2015r. (sobota) o godz. 10.00<\/p>\n","protected":false},"author":4,"featured_media":1143,"comment_status":"closed","ping_status":"closed","sticky":false,"template":"","format":"standard","meta":{"_et_pb_use_builder":"","_et_pb_old_content":"","_et_gb_content_width":""},"categories":[],"tags":[],"_links":{"self":[{"href":"http:\/\/aeroklubelblaski.pl\/index.php\/wp-json\/wp\/v2\/posts\/3139"}],"collection":[{"href":"http:\/\/aeroklubelblaski.pl\/index.php\/wp-json\/wp\/v2\/posts"}],"about":[{"href":"http:\/\/aeroklubelblaski.pl\/index.php\/wp-json\/wp\/v2\/types\/post"}],"author":[{"embeddable":true,"href":"http:\/\/aeroklubelblaski.pl\/index.php\/wp-json\/wp\/v2\/users\/4"}],"replies":[{"embeddable":true,"href":"http:\/\/aeroklubelblaski.pl\/index.php\/wp-json\/wp\/v2\/comments?post=3139"}],"version-history":[{"count":0,"href":"http:\/\/aeroklubelblaski.pl\/index.php\/wp-json\/wp\/v2\/posts\/3139\/revisions"}],"wp:featuredmedia":[{"embeddable":true,"href":"http:\/\/aeroklubelblaski.pl\/index.php\/wp-json\/wp\/v2\/media\/1143"}],"wp:attachment":[{"href":"http:\/\/aeroklubelblaski.pl\/index.php\/wp-json\/wp\/v2\/media?parent=3139"}],"wp:term":[{"taxonomy":"category","embeddable":true,"href":"http:\/\/aeroklubelblaski.pl\/index.php\/wp-json\/wp\/v2\/categories?post=3139"},{"taxonomy":"post_tag","embeddable":true,"href":"http:\/\/aeroklubelblaski.pl\/index.php\/wp-json\/wp\/v2\/tags?post=3139"}],"curies":[{"name":"wp","href":"https:\/\/api.w.org\/{rel}","templated":true}]}}