{"id":3120,"date":"2014-09-23T19:06:06","date_gmt":"2014-09-23T17:06:06","guid":{"rendered":"http:\/\/aeroklubelblaski.pl\/?p=1120"},"modified":"2014-09-23T19:06:06","modified_gmt":"2014-09-23T17:06:06","slug":"zawody-latawcowe-2014","status":"publish","type":"post","link":"http:\/\/aeroklubelblaski.pl\/index.php\/2014\/09\/23\/zawody-latawcowe-2014\/","title":{"rendered":"Zawody latawcowe 2014"},"content":{"rendered":"<p>&nbsp;<\/p>\n<p>&nbsp;<\/p>\n<p>&nbsp;<\/p>\n<p>Aeroklub Elbl\u0105ski 4 pa\u017adziernika 2014 organizuje zawody latawcowe.<\/p>\n<p>Celem imprezy jest popularyzacja sportu modelarskiego i zawod\u00f3w latawcowych a tak\u017ce stworzenie mo\u017cliwo\u015bci zaprezentowania w\u0142asnych umiej\u0119tno\u015bci modelarskich i plastycznych.<\/p>\n<p>Zbi\u00f3rka oraz rejestracja uczestnik\u00f3w rozpocznie si\u0119 od godz. 10 na terenie elbl\u0105skiego lotniska. Zawody skierowane s\u0105 do dzieci z przedszkoli, szk\u00f3\u0142 podstawowych i szk\u00f3\u0142 gimnazjalnych.<\/p>\n<p>Zawody zostan\u0105 rozegrane w nast\u0119puj\u0105cych grupach wiekowych:<\/p>\n<p>&#8211;\u00a0\u00a0\u00a0\u00a0\u00a0\u00a0\u00a0\u00a0\u00a0\u00a0\u00a0\u00a0\u00a0\u00a0\u00a0\u00a0 dzieci z przedszkoli,<\/p>\n<p>&#8211;\u00a0\u00a0\u00a0\u00a0\u00a0\u00a0\u00a0\u00a0\u00a0\u00a0\u00a0\u00a0\u00a0\u00a0\u00a0\u00a0 dzieci z klas 1-3 szk\u00f3\u0142 podstawowych,<\/p>\n<p>&#8211;\u00a0\u00a0\u00a0\u00a0\u00a0\u00a0\u00a0\u00a0\u00a0\u00a0\u00a0\u00a0\u00a0\u00a0\u00a0\u00a0 uczniowie klas 4-6 szk\u00f3\u0142 podstawowych,<\/p>\n<p>&#8211;\u00a0\u00a0\u00a0\u00a0\u00a0\u00a0\u00a0\u00a0\u00a0\u00a0\u00a0\u00a0\u00a0\u00a0\u00a0\u00a0 uczniowie klas gimnazjalnych.<\/p>\n<p>&nbsp;<\/p>\n<p>Komisja s\u0119dziowska przy ocenie latawca bierze pod uwag\u0119 nast\u0119puj\u0105ce kategorie:<\/p>\n<p>&#8211;\u00a0\u00a0\u00a0\u00a0\u00a0\u00a0\u00a0\u00a0\u00a0\u00a0\u00a0\u00a0\u00a0\u00a0\u00a0\u00a0 rozwi\u0105zania techniczne zastosowane przy budowie latawca,<\/p>\n<p>&#8211;\u00a0\u00a0\u00a0\u00a0\u00a0\u00a0\u00a0\u00a0\u00a0\u00a0\u00a0\u00a0\u00a0\u00a0\u00a0\u00a0 staranno\u015b\u0107 wykonania latawca,<\/p>\n<p>&#8211;\u00a0\u00a0\u00a0\u00a0\u00a0\u00a0\u00a0\u00a0\u00a0\u00a0\u00a0\u00a0\u00a0\u00a0\u00a0\u00a0 zdobienie latawca,<\/p>\n<p>&#8211;\u00a0\u00a0\u00a0\u00a0\u00a0\u00a0\u00a0\u00a0\u00a0\u00a0\u00a0\u00a0\u00a0\u00a0\u00a0\u00a0 lot latawca i efekty specjalne wykonane w powietrzu<\/p>\n<p>&#8211;\u00a0\u00a0\u00a0\u00a0\u00a0\u00a0\u00a0\u00a0\u00a0\u00a0\u00a0\u00a0\u00a0\u00a0\u00a0\u00a0 za latawiec skrzynkowy organizator przewiduje dodatkowe punkty, ze wzgl\u0119du na trudno\u015b\u0107 wykonania<\/p>\n<p>&nbsp;<\/p>\n<p>Dla wszystkich uczestnik\u00f3w przewidziano dyplomy a dla najlepszych zawodnik\u00f3w puchary.<\/p>\n<p>Wi\u0119cej informacji udziela koordynator zawod\u00f3w: Jaros\u0142aw Rzeci\u0144ski, tel. 537 33 44 10.<\/p>\n<p>Zg\u0142oszenia przyjmujemy na adres e-mail: <a href=\"mailto:biuro@aeroklubelblaski.pl\">biuro@aeroklubelblaski.pl<\/a> do 01.10.2014r.<\/p>\n<p><a href=\"http:\/\/aeroklubelblaski.pl\/wp-content\/uploads\/2014\/09\/latawiec.jpg\"><img loading=\"lazy\" class=\"aligncenter size-full wp-image-1121\" alt=\"latawiec\" src=\"http:\/\/aeroklubelblaski.pl\/wp-content\/uploads\/2014\/09\/latawiec.jpg\" width=\"800\" height=\"600\" \/><\/a><\/p>\n","protected":false},"excerpt":{"rendered":"<p>&nbsp; &nbsp; &nbsp; Aeroklub Elbl\u0105ski 4 pa\u017adziernika 2014 organizuje zawody latawcowe. Celem imprezy jest popularyzacja sportu modelarskiego i zawod\u00f3w latawcowych a tak\u017ce stworzenie mo\u017cliwo\u015bci zaprezentowania w\u0142asnych umiej\u0119tno\u015bci modelarskich i plastycznych. Zbi\u00f3rka oraz rejestracja uczestnik\u00f3w rozpocznie si\u0119 od godz. 10 na terenie elbl\u0105skiego lotniska. Zawody skierowane s\u0105 do dzieci z przedszkoli, szk\u00f3\u0142 podstawowych i szk\u00f3\u0142 gimnazjalnych. [&hellip;]<\/p>\n","protected":false},"author":4,"featured_media":1121,"comment_status":"closed","ping_status":"closed","sticky":false,"template":"","format":"standard","meta":{"_et_pb_use_builder":"","_et_pb_old_content":"","_et_gb_content_width":""},"categories":[],"tags":[],"_links":{"self":[{"href":"http:\/\/aeroklubelblaski.pl\/index.php\/wp-json\/wp\/v2\/posts\/3120"}],"collection":[{"href":"http:\/\/aeroklubelblaski.pl\/index.php\/wp-json\/wp\/v2\/posts"}],"about":[{"href":"http:\/\/aeroklubelblaski.pl\/index.php\/wp-json\/wp\/v2\/types\/post"}],"author":[{"embeddable":true,"href":"http:\/\/aeroklubelblaski.pl\/index.php\/wp-json\/wp\/v2\/users\/4"}],"replies":[{"embeddable":true,"href":"http:\/\/aeroklubelblaski.pl\/index.php\/wp-json\/wp\/v2\/comments?post=3120"}],"version-history":[{"count":0,"href":"http:\/\/aeroklubelblaski.pl\/index.php\/wp-json\/wp\/v2\/posts\/3120\/revisions"}],"wp:featuredmedia":[{"embeddable":true,"href":"http:\/\/aeroklubelblaski.pl\/index.php\/wp-json\/wp\/v2\/media\/1121"}],"wp:attachment":[{"href":"http:\/\/aeroklubelblaski.pl\/index.php\/wp-json\/wp\/v2\/media?parent=3120"}],"wp:term":[{"taxonomy":"category","embeddable":true,"href":"http:\/\/aeroklubelblaski.pl\/index.php\/wp-json\/wp\/v2\/categories?post=3120"},{"taxonomy":"post_tag","embeddable":true,"href":"http:\/\/aeroklubelblaski.pl\/index.php\/wp-json\/wp\/v2\/tags?post=3120"}],"curies":[{"name":"wp","href":"https:\/\/api.w.org\/{rel}","templated":true}]}}