{"id":3116,"date":"2014-09-10T14:27:23","date_gmt":"2014-09-10T12:27:23","guid":{"rendered":"http:\/\/aeroklubelblaski.pl\/?p=1116"},"modified":"2014-09-10T14:27:23","modified_gmt":"2014-09-10T12:27:23","slug":"zawody-paramotolotniowe","status":"publish","type":"post","link":"http:\/\/aeroklubelblaski.pl\/index.php\/2014\/09\/10\/zawody-paramotolotniowe\/","title":{"rendered":"Zawody paramotolotniowe"},"content":{"rendered":"<p><small>Po raz pierwszy w historii w Elbl\u0105gu b\u0119dzie mo\u017cna podziwia\u0107 zawody motoparalotniarzy. W najbli\u017cszy weekend (12-14 wrze\u015bnia) na lotnisku Aeroklubu Elbl\u0105skiego odb\u0119dzie si\u0119 V Etap Polskiej Ligi Motoparalotniowej. Do naszego miasta przyjedzie krajowa czo\u0142\u00f3wka zawodnik\u00f3w w tej dyscyplinie.<\/small><\/p>\n<p>Zawody paramotolotniowe potrwaj\u0105 od pi\u0105tku do niedzieli na lotnisku Aeroklubu Elbl\u0105skiego. Jest to ostatni etap og\u00f3lnopolskich zawod\u00f3w, kt\u00f3ry ostatecznie wy\u0142oni najlepszych zawodnik\u00f3w spo\u015br\u00f3d polskich pilot\u00f3w motoparalotniowych, b\u0119d\u0105 te\u017c oni walczy\u0107 o Puchar Prezydenta Elbl\u0105ga.<\/p>\n<div>\u00a0 <a class=\"wpGallery mceItem\" title=\"gallery\" href=\"http:\/\/www.portel.pl\/aktimg2\/p76\/phpTcALZJ.jpg\" rel=\"shadowbox&lt;img src=\">&#8221; data-mce-href=&#8221;http:\/\/www.portel.pl\/aktimg2\/p76\/phpTcALZJ.jpg&#8221;&gt; <img alt=\"\" src=\"http:\/\/www.portel.pl\/aktimg2\/p76\/phpTcALZJ.jpg\" \/><\/a><\/div>\n<p>&#8211; Rozgrywane b\u0119d\u0105 konkurencje nawigacyjne, ekonomiczne i sprawno\u015bciowe, w tym najbardziej widowiskowe slalomy, a wyniki pilot\u00f3w zaliczane s\u0105 do rankingu, prowadzonego zgodnie z regulaminem Polskiej Ligi Motoparalotniowej. Celem zawod\u00f3w jest przyczynienie si\u0119 do wzrostu \u015bwiadomo\u015bci i umiej\u0119tno\u015bci pilot\u00f3w, jak r\u00f3wnie\u017c do promocji i rozwoju paralotniarstwa w Polsce \u2013 informuj\u0105 organizatorzy.<br \/>\nW zawodach bior\u0105 udzia\u0142 amatorzy jak i zawodnicy Motoparalotniowej Kadry Narodowej. W Elbl\u0105gu zaprezentuj\u0105 si\u0119 utytu\u0142owani piloci, m.in. mistrzowie Polski oraz mistrzowie Europy i \u015bwiata. Wst\u0119p na zawody jest wolny.<br \/>\n<strong><br \/>\nProgram:<\/strong><br \/>\n<span style=\"text-decoration: underline;\">pi\u0105tek (12 wrze\u015bnia)<\/span><br \/>\ngodz. 17-20 &#8211; rejestracja uczestnik\u00f3w<br \/>\ngodz. 20 &#8211; otwarcie zawod\u00f3w i odprawa dla pilot\u00f3w bior\u0105cych udzia\u0142 w zawodach<\/p>\n<p><span style=\"text-decoration: underline;\">sobota (13 wrze\u015bnia)<\/span><br \/>\ngodz. 7-11 &#8211; konkurencja nawigacyjna<br \/>\ngodz. 15-19 &#8211; lot ekonomiczny i slalom w zale\u017cno\u015bci od warunk\u00f3w atmosferycznych<\/p>\n<p><span style=\"text-decoration: underline;\">niedziela (14 wrze\u015bnia)<\/span><br \/>\ngodz. 7-10 &#8211; konkurencje nawigacji, slalom lub lot ekonomiczny w zale\u017cno\u015bci od warunk\u00f3w atmosferycznych<br \/>\ngodz. 12-13 &#8211; oficjalnie zako\u0144czenie z og\u0142oszeniem wynik\u00f3w i wr\u0119czeniem puchar\u00f3w i nagr\u00f3d<\/p>\n<p><em>Patronat honorowy \u2013 prezydent Elbl\u0105ga Jerzy Wilk<br \/>\nSponsorzy: Nowoczesna Agencja Pracy Personalny Serwis, Nirvana Paramotors, Ecextreme, DUDEK Paragliders<br \/>\nSponsor wspieraj\u0105cy \u2013 MOSiR Elbl\u0105g<br \/>\nOrganizatorzy: Polskie Stowarzyszenie Paralotniowe, Promotor Team Poland, Aeroklub Elbl\u0105ski, Elbl\u0105ska Grupa Paralotniowa<\/em><\/p>\n<div><em><br \/>\nImpreza jest obj\u0119ta patronatem Elbl\u0105skiej Gazety Internetowej portEl.pl<\/em><\/div>\n<div>\u017cr\u00f3d\u0142o www.portel.pl<a href=\"http:\/\/aeroklubelblaski.pl\/wp-content\/uploads\/2014\/09\/paralt.jpg\"><img loading=\"lazy\" class=\"aligncenter size-full wp-image-1117\" alt=\"paralt\" src=\"http:\/\/aeroklubelblaski.pl\/wp-content\/uploads\/2014\/09\/paralt.jpg\" width=\"800\" height=\"529\" \/><\/a><\/div>\n","protected":false},"excerpt":{"rendered":"<p>Po raz pierwszy w historii w Elbl\u0105gu b\u0119dzie mo\u017cna podziwia\u0107 zawody motoparalotniarzy. W najbli\u017cszy weekend (12-14 wrze\u015bnia) na lotnisku Aeroklubu Elbl\u0105skiego odb\u0119dzie si\u0119 V Etap Polskiej Ligi Motoparalotniowej. Do naszego miasta przyjedzie krajowa czo\u0142\u00f3wka zawodnik\u00f3w w tej dyscyplinie. Zawody paramotolotniowe potrwaj\u0105 od pi\u0105tku do niedzieli na lotnisku Aeroklubu Elbl\u0105skiego. Jest to ostatni etap og\u00f3lnopolskich zawod\u00f3w, [&hellip;]<\/p>\n","protected":false},"author":4,"featured_media":1117,"comment_status":"closed","ping_status":"closed","sticky":false,"template":"","format":"standard","meta":{"_et_pb_use_builder":"","_et_pb_old_content":"","_et_gb_content_width":""},"categories":[],"tags":[],"_links":{"self":[{"href":"http:\/\/aeroklubelblaski.pl\/index.php\/wp-json\/wp\/v2\/posts\/3116"}],"collection":[{"href":"http:\/\/aeroklubelblaski.pl\/index.php\/wp-json\/wp\/v2\/posts"}],"about":[{"href":"http:\/\/aeroklubelblaski.pl\/index.php\/wp-json\/wp\/v2\/types\/post"}],"author":[{"embeddable":true,"href":"http:\/\/aeroklubelblaski.pl\/index.php\/wp-json\/wp\/v2\/users\/4"}],"replies":[{"embeddable":true,"href":"http:\/\/aeroklubelblaski.pl\/index.php\/wp-json\/wp\/v2\/comments?post=3116"}],"version-history":[{"count":0,"href":"http:\/\/aeroklubelblaski.pl\/index.php\/wp-json\/wp\/v2\/posts\/3116\/revisions"}],"wp:featuredmedia":[{"embeddable":true,"href":"http:\/\/aeroklubelblaski.pl\/index.php\/wp-json\/wp\/v2\/media\/1117"}],"wp:attachment":[{"href":"http:\/\/aeroklubelblaski.pl\/index.php\/wp-json\/wp\/v2\/media?parent=3116"}],"wp:term":[{"taxonomy":"category","embeddable":true,"href":"http:\/\/aeroklubelblaski.pl\/index.php\/wp-json\/wp\/v2\/categories?post=3116"},{"taxonomy":"post_tag","embeddable":true,"href":"http:\/\/aeroklubelblaski.pl\/index.php\/wp-json\/wp\/v2\/tags?post=3116"}],"curies":[{"name":"wp","href":"https:\/\/api.w.org\/{rel}","templated":true}]}}