{"id":2948,"date":"2013-12-24T14:27:34","date_gmt":"2013-12-24T12:27:34","guid":{"rendered":"http:\/\/aeroklubelblaski.pl\/?p=948"},"modified":"2013-12-24T14:27:34","modified_gmt":"2013-12-24T12:27:34","slug":"wesolych-swiat-i-szczesliwego-nowego-roku","status":"publish","type":"post","link":"http:\/\/aeroklubelblaski.pl\/index.php\/2013\/12\/24\/wesolych-swiat-i-szczesliwego-nowego-roku\/","title":{"rendered":"Weso\u0142ych \u015awi\u0105t i Szcz\u0119\u015bliwego Nowego Roku"},"content":{"rendered":"<p>Weso\u0142ych \u015awi\u0105t i Szcz\u0119\u015bliwego Nowego Roku!<\/p>\n<p>\u017byczy Aeroklub Elbl\u0105ski<\/p>\n<p><a href=\"http:\/\/aeroklubelblaski.pl\/2013\/12\/wesolych-swiat-i-szczesliwego-nowego-roku\/choinkaokkk\/\" rel=\"attachment wp-att-949\"><img loading=\"lazy\" class=\"aligncenter size-full wp-image-949\" alt=\"choinkaokkk\" src=\"http:\/\/aeroklubelblaski.pl\/wp-content\/uploads\/2013\/12\/choinkaokkk.jpg\" width=\"473\" height=\"660\" \/><\/a><\/p>\n","protected":false},"excerpt":{"rendered":"<p>Weso\u0142ych \u015awi\u0105t i Szcz\u0119\u015bliwego Nowego Roku! \u017byczy Aeroklub Elbl\u0105ski<\/p>\n","protected":false},"author":4,"featured_media":949,"comment_status":"closed","ping_status":"closed","sticky":false,"template":"","format":"standard","meta":{"_et_pb_use_builder":"","_et_pb_old_content":"","_et_gb_content_width":""},"categories":[],"tags":[],"_links":{"self":[{"href":"http:\/\/aeroklubelblaski.pl\/index.php\/wp-json\/wp\/v2\/posts\/2948"}],"collection":[{"href":"http:\/\/aeroklubelblaski.pl\/index.php\/wp-json\/wp\/v2\/posts"}],"about":[{"href":"http:\/\/aeroklubelblaski.pl\/index.php\/wp-json\/wp\/v2\/types\/post"}],"author":[{"embeddable":true,"href":"http:\/\/aeroklubelblaski.pl\/index.php\/wp-json\/wp\/v2\/users\/4"}],"replies":[{"embeddable":true,"href":"http:\/\/aeroklubelblaski.pl\/index.php\/wp-json\/wp\/v2\/comments?post=2948"}],"version-history":[{"count":0,"href":"http:\/\/aeroklubelblaski.pl\/index.php\/wp-json\/wp\/v2\/posts\/2948\/revisions"}],"wp:featuredmedia":[{"embeddable":true,"href":"http:\/\/aeroklubelblaski.pl\/index.php\/wp-json\/wp\/v2\/media\/949"}],"wp:attachment":[{"href":"http:\/\/aeroklubelblaski.pl\/index.php\/wp-json\/wp\/v2\/media?parent=2948"}],"wp:term":[{"taxonomy":"category","embeddable":true,"href":"http:\/\/aeroklubelblaski.pl\/index.php\/wp-json\/wp\/v2\/categories?post=2948"},{"taxonomy":"post_tag","embeddable":true,"href":"http:\/\/aeroklubelblaski.pl\/index.php\/wp-json\/wp\/v2\/tags?post=2948"}],"curies":[{"name":"wp","href":"https:\/\/api.w.org\/{rel}","templated":true}]}}