{"id":2935,"date":"2013-10-26T12:35:08","date_gmt":"2013-10-26T10:35:08","guid":{"rendered":"http:\/\/aeroklubelblaski.pl\/?p=935"},"modified":"2013-10-26T12:35:08","modified_gmt":"2013-10-26T10:35:08","slug":"nadzwyczajne-walne-zgromadzenia-czlonkow-aeroklubu-elblaskiego","status":"publish","type":"post","link":"http:\/\/aeroklubelblaski.pl\/index.php\/2013\/10\/26\/nadzwyczajne-walne-zgromadzenia-czlonkow-aeroklubu-elblaskiego\/","title":{"rendered":"Nadzwyczajne Walne Zgromadzenia Cz\u0142onk\u00f3w Aeroklubu Elbl\u0105skiego."},"content":{"rendered":"<p>Zarz\u0105d Aeroklubu Elbl\u0105skiego uchwa\u0142\u0105 nr 20\/2013 z dnia 18.10.2013 zwo\u0142uje Nadzwyczajne Walne Zgromadzenie Cz\u0142onk\u00f3w Aeroklubu Elbl\u0105skiego na 10 listopada 2013r. o godz. 10.00 w pierwszym terminie i o godz. 10.30 w drugim. Miejsce spotkania sala wyk\u0142adowa Aeroklubu Elbl\u0105skiego, ul. Lotnicza 8 b.<\/p>\n<p>Zarz\u0105d ustali\u0142 nast\u0119puj\u0105cy porz\u0105dek Nadzwyczajnego Walnego Zgromadzenia Cz\u0142onk\u00f3w AE.<\/p>\n<p>Podj\u0119cie uchwa\u0142y o ustanowieniu s\u0142u\u017cebno\u015bci gruntu zgodnie z umow\u0105 z dnia 16.08.2013r.<\/p>\n<p>Z powa\u017caniem<br \/>\nMaciej Le\u015bniewski<br \/>\nDyrektor Aeroklubu Elbl\u0105skiego<\/p>\n<p><a href=\"http:\/\/aeroklubelblaski.pl\/2012\/11\/szkolenie-samolotowe-do-licencji-turystycznej-ppla\/5d885a75c5233ed52084de6a118372cbelblag-jpg_m250x0\/\" rel=\"attachment wp-att-845\"><img loading=\"lazy\" class=\"aligncenter size-full wp-image-845\" alt=\"5d885a75c5233ed52084de6a118372cbelblag.jpg_m(250x0)\" src=\"http:\/\/aeroklubelblaski.pl\/wp-content\/uploads\/2012\/11\/5d885a75c5233ed52084de6a118372cbelblag.jpg_m250x0.jpeg\" width=\"230\" height=\"202\" \/><\/a><\/p>\n","protected":false},"excerpt":{"rendered":"<p>Zarz\u0105d Aeroklubu Elbl\u0105skiego uchwa\u0142\u0105 nr 20\/2013 z dnia 18.10.2013 zwo\u0142uje Nadzwyczajne Walne Zgromadzenie Cz\u0142onk\u00f3w Aeroklubu Elbl\u0105skiego na 10 listopada 2013r. o godz. 10.00 w pierwszym terminie i o godz. 10.30 w drugim. Miejsce spotkania sala wyk\u0142adowa Aeroklubu Elbl\u0105skiego, ul. Lotnicza 8 b. Zarz\u0105d ustali\u0142 nast\u0119puj\u0105cy porz\u0105dek Nadzwyczajnego Walnego Zgromadzenia Cz\u0142onk\u00f3w AE. Podj\u0119cie uchwa\u0142y o ustanowieniu [&hellip;]<\/p>\n","protected":false},"author":4,"featured_media":849,"comment_status":"closed","ping_status":"closed","sticky":false,"template":"","format":"standard","meta":{"_et_pb_use_builder":"","_et_pb_old_content":"","_et_gb_content_width":""},"categories":[],"tags":[],"_links":{"self":[{"href":"http:\/\/aeroklubelblaski.pl\/index.php\/wp-json\/wp\/v2\/posts\/2935"}],"collection":[{"href":"http:\/\/aeroklubelblaski.pl\/index.php\/wp-json\/wp\/v2\/posts"}],"about":[{"href":"http:\/\/aeroklubelblaski.pl\/index.php\/wp-json\/wp\/v2\/types\/post"}],"author":[{"embeddable":true,"href":"http:\/\/aeroklubelblaski.pl\/index.php\/wp-json\/wp\/v2\/users\/4"}],"replies":[{"embeddable":true,"href":"http:\/\/aeroklubelblaski.pl\/index.php\/wp-json\/wp\/v2\/comments?post=2935"}],"version-history":[{"count":0,"href":"http:\/\/aeroklubelblaski.pl\/index.php\/wp-json\/wp\/v2\/posts\/2935\/revisions"}],"wp:featuredmedia":[{"embeddable":true,"href":"http:\/\/aeroklubelblaski.pl\/index.php\/wp-json\/wp\/v2\/media\/849"}],"wp:attachment":[{"href":"http:\/\/aeroklubelblaski.pl\/index.php\/wp-json\/wp\/v2\/media?parent=2935"}],"wp:term":[{"taxonomy":"category","embeddable":true,"href":"http:\/\/aeroklubelblaski.pl\/index.php\/wp-json\/wp\/v2\/categories?post=2935"},{"taxonomy":"post_tag","embeddable":true,"href":"http:\/\/aeroklubelblaski.pl\/index.php\/wp-json\/wp\/v2\/tags?post=2935"}],"curies":[{"name":"wp","href":"https:\/\/api.w.org\/{rel}","templated":true}]}}