{"id":2933,"date":"2013-10-26T12:27:36","date_gmt":"2013-10-26T10:27:36","guid":{"rendered":"http:\/\/aeroklubelblaski.pl\/?p=933"},"modified":"2013-11-20T20:44:34","modified_gmt":"2013-11-20T18:44:34","slug":"walne-zgromadzenie-czlonkow-aeroklubu-elblaskiego","status":"publish","type":"post","link":"http:\/\/aeroklubelblaski.pl\/index.php\/2013\/10\/26\/walne-zgromadzenie-czlonkow-aeroklubu-elblaskiego\/","title":{"rendered":"Walne Zgromadzenie Cz\u0142onk\u00f3w Aeroklubu Elbl\u0105skiego."},"content":{"rendered":"<p>Zarz\u0105d Aeroklubu Elbl\u0105skiego uchwa\u0142\u0105 nr 21\/2013 z dnia 18.10.2013 zwo\u0142uje Walne Zgromadzenie Cz\u0142onk\u00f3w Aeroklubu Elbl\u0105skiego na 24 listopada 2013r. o godz. 10.00 w pierwszym terminie i o godz. 10.30 w drugim.<\/p>\n<p>Miejsce spotkania P.W.S.Z .ul.Grunwaldzka 137 sala 207\/208<\/p>\n<p>&nbsp;<\/p>\n<p>Zarz\u0105d Aeroklubu Elbl\u0105skiego uchwa\u0142\u0105 nr 21\/2013 z dnia 18.10.2013r.\u00a0 zaproponowa\u0142 nast\u0119puj\u0105cy porz\u0105dek Walnego Zgromadzenia:<br \/>\nPrzywitanie uczestnik\u00f3w.<br \/>\nWyb\u00f3r Przewodnicz\u0105cego obrad.<br \/>\nWyb\u00f3r Sekretarza Walnego Zgromadzenia.<br \/>\nWyb\u00f3r Komisji Skrutacyjnej (3 osoby).<br \/>\nWyb\u00f3r Komisji Uchwa\u0142 i Wniosk\u00f3w (2 osoby).<br \/>\nSprawozdanie z pracy zarz\u0105du Aeroklubu za minion\u0105 kadencj\u0119.<br \/>\nG\u0142osowanie nad udzieleniem absolutorium zarz\u0105dowi.<br \/>\nSprawozdanie finansowe (przygotowane przez dyrektora i biuro rachunkowe).<br \/>\nSprawozdanie Komisji Rewizyjnej.<br \/>\nSprawozdanie S\u0105du Kole\u017ce\u0144skiego.<br \/>\nSprawozdanie Przewodnicz\u0105cych z dzia\u0142alno\u015bci sekcji.<br \/>\nDyskusja podsumowuj\u0105ca minion\u0105 prac\u0119.<br \/>\nUstalenie liczby cz\u0142onk\u00f3w zarz\u0105du, komisji rewizyjnej, S\u0105du Kole\u017ce\u0144skiego.<br \/>\nWyb\u00f3r Zarz\u0105du Aeroklubu.<br \/>\nWyb\u00f3r Komisji Rewizyjnej.<br \/>\nWyb\u00f3r S\u0105du Kole\u017ce\u0144skiego.<br \/>\nOm\u00f3wienie wniosk\u00f3w z poprzedniego Walnego Zgromadzenia.<br \/>\nDyskusja, walne wnioski.<br \/>\nZako\u0144czenie obrad.<\/p>\n<p>Z powa\u017caniem<br \/>\nMaciej Le\u015bniewski<br \/>\nDyrektor Aeroklubu Elbl\u0105skiego<\/p>\n<p><a href=\"http:\/\/aeroklubelblaski.pl\/2012\/11\/szkolenie-samolotowe-do-licencji-turystycznej-ppla\/5d885a75c5233ed52084de6a118372cbelblag-jpg_m250x0-2\/\" rel=\"attachment wp-att-849\"><img loading=\"lazy\" class=\"aligncenter size-full wp-image-849\" alt=\"5d885a75c5233ed52084de6a118372cbelblag.jpg_m(250x0)\" src=\"http:\/\/aeroklubelblaski.pl\/wp-content\/uploads\/2012\/11\/5d885a75c5233ed52084de6a118372cbelblag.jpg_m250x01.jpeg\" width=\"230\" height=\"202\" \/><\/a><\/p>\n","protected":false},"excerpt":{"rendered":"<p>Zarz\u0105d Aeroklubu Elbl\u0105skiego uchwa\u0142\u0105 nr 21\/2013 z dnia 18.10.2013 zwo\u0142uje Walne Zgromadzenie Cz\u0142onk\u00f3w Aeroklubu Elbl\u0105skiego na 24 listopada 2013r. o godz. 10.00 w pierwszym terminie i o godz. 10.30 w drugim. Miejsce spotkania P.W.S.Z .ul.Grunwaldzka 137 sala 207\/208 &nbsp; Zarz\u0105d Aeroklubu Elbl\u0105skiego uchwa\u0142\u0105 nr 21\/2013 z dnia 18.10.2013r.\u00a0 zaproponowa\u0142 nast\u0119puj\u0105cy porz\u0105dek Walnego Zgromadzenia: Przywitanie uczestnik\u00f3w. [&hellip;]<\/p>\n","protected":false},"author":4,"featured_media":849,"comment_status":"closed","ping_status":"closed","sticky":false,"template":"","format":"standard","meta":{"_et_pb_use_builder":"","_et_pb_old_content":"","_et_gb_content_width":""},"categories":[],"tags":[],"_links":{"self":[{"href":"http:\/\/aeroklubelblaski.pl\/index.php\/wp-json\/wp\/v2\/posts\/2933"}],"collection":[{"href":"http:\/\/aeroklubelblaski.pl\/index.php\/wp-json\/wp\/v2\/posts"}],"about":[{"href":"http:\/\/aeroklubelblaski.pl\/index.php\/wp-json\/wp\/v2\/types\/post"}],"author":[{"embeddable":true,"href":"http:\/\/aeroklubelblaski.pl\/index.php\/wp-json\/wp\/v2\/users\/4"}],"replies":[{"embeddable":true,"href":"http:\/\/aeroklubelblaski.pl\/index.php\/wp-json\/wp\/v2\/comments?post=2933"}],"version-history":[{"count":0,"href":"http:\/\/aeroklubelblaski.pl\/index.php\/wp-json\/wp\/v2\/posts\/2933\/revisions"}],"wp:featuredmedia":[{"embeddable":true,"href":"http:\/\/aeroklubelblaski.pl\/index.php\/wp-json\/wp\/v2\/media\/849"}],"wp:attachment":[{"href":"http:\/\/aeroklubelblaski.pl\/index.php\/wp-json\/wp\/v2\/media?parent=2933"}],"wp:term":[{"taxonomy":"category","embeddable":true,"href":"http:\/\/aeroklubelblaski.pl\/index.php\/wp-json\/wp\/v2\/categories?post=2933"},{"taxonomy":"post_tag","embeddable":true,"href":"http:\/\/aeroklubelblaski.pl\/index.php\/wp-json\/wp\/v2\/tags?post=2933"}],"curies":[{"name":"wp","href":"https:\/\/api.w.org\/{rel}","templated":true}]}}