{"id":2927,"date":"2013-09-23T11:21:36","date_gmt":"2013-09-23T09:21:36","guid":{"rendered":"http:\/\/aeroklubelblaski.pl\/?p=927"},"modified":"2013-10-01T14:32:52","modified_gmt":"2013-10-01T12:32:52","slug":"zawody-na-celnosc-ladowania","status":"publish","type":"post","link":"http:\/\/aeroklubelblaski.pl\/index.php\/2013\/09\/23\/zawody-na-celnosc-ladowania\/","title":{"rendered":"Zawody na celno\u015b\u0107 l\u0105dowania."},"content":{"rendered":"<p>Zapraszamy na coroczne Zawody Szybowcowe na Celno\u015b\u0107 L\u0105dowania sobota dnia 05.10.2013 godz.10<\/p>\n<p><a href=\"http:\/\/aeroklubelblaski.pl\/sekcje\/sekcja-szybowcowa\/20060126130248pd\/\" rel=\"attachment wp-att-231\"><img loading=\"lazy\" class=\"aligncenter size-full wp-image-231\" alt=\"20060126130248pd\" src=\"http:\/\/aeroklubelblaski.pl\/wp-content\/uploads\/2011\/09\/20060126130248pd.jpg\" width=\"400\" height=\"300\" \/><\/a><\/p>\n","protected":false},"excerpt":{"rendered":"<p>Zapraszamy na coroczne Zawody Szybowcowe na Celno\u015b\u0107 L\u0105dowania sobota dnia 05.10.2013 godz.10<\/p>\n","protected":false},"author":4,"featured_media":231,"comment_status":"closed","ping_status":"closed","sticky":false,"template":"","format":"standard","meta":{"_et_pb_use_builder":"","_et_pb_old_content":"","_et_gb_content_width":""},"categories":[],"tags":[],"_links":{"self":[{"href":"http:\/\/aeroklubelblaski.pl\/index.php\/wp-json\/wp\/v2\/posts\/2927"}],"collection":[{"href":"http:\/\/aeroklubelblaski.pl\/index.php\/wp-json\/wp\/v2\/posts"}],"about":[{"href":"http:\/\/aeroklubelblaski.pl\/index.php\/wp-json\/wp\/v2\/types\/post"}],"author":[{"embeddable":true,"href":"http:\/\/aeroklubelblaski.pl\/index.php\/wp-json\/wp\/v2\/users\/4"}],"replies":[{"embeddable":true,"href":"http:\/\/aeroklubelblaski.pl\/index.php\/wp-json\/wp\/v2\/comments?post=2927"}],"version-history":[{"count":0,"href":"http:\/\/aeroklubelblaski.pl\/index.php\/wp-json\/wp\/v2\/posts\/2927\/revisions"}],"wp:featuredmedia":[{"embeddable":true,"href":"http:\/\/aeroklubelblaski.pl\/index.php\/wp-json\/wp\/v2\/media\/231"}],"wp:attachment":[{"href":"http:\/\/aeroklubelblaski.pl\/index.php\/wp-json\/wp\/v2\/media?parent=2927"}],"wp:term":[{"taxonomy":"category","embeddable":true,"href":"http:\/\/aeroklubelblaski.pl\/index.php\/wp-json\/wp\/v2\/categories?post=2927"},{"taxonomy":"post_tag","embeddable":true,"href":"http:\/\/aeroklubelblaski.pl\/index.php\/wp-json\/wp\/v2\/tags?post=2927"}],"curies":[{"name":"wp","href":"https:\/\/api.w.org\/{rel}","templated":true}]}}