{"id":2909,"date":"2013-06-13T12:42:17","date_gmt":"2013-06-13T10:42:17","guid":{"rendered":"http:\/\/aeroklubelblaski.pl\/?p=909"},"modified":"2013-06-13T12:42:17","modified_gmt":"2013-06-13T10:42:17","slug":"przygotowania-do-festynu-lotniczego","status":"publish","type":"post","link":"http:\/\/aeroklubelblaski.pl\/index.php\/2013\/06\/13\/przygotowania-do-festynu-lotniczego\/","title":{"rendered":"Przygotowania do festynu lotniczego"},"content":{"rendered":"<p>Rozpocz\u0119li\u015bmy przygotowania do festynu lotniczego. Ch\u0119tnych wystawc\u00f3w<br \/>\nprosimy o kontakt telefoniczny 55 233 44 10, 537 33 44 10 lub e-mail: <a href=\"http:\/\/poczta2.onet.pl\/napisz.html?e=biuro%40aeroklubelblaski.pl\" target=\"_blank\">biuro@aeroklubelblaski.pl<\/a><\/p>\n<p><a href=\"http:\/\/aeroklubelblaski.pl\/2012\/07\/100-lecie-w-obiektywie\/img_3852\/\" rel=\"attachment wp-att-739\"><img loading=\"lazy\" class=\"aligncenter size-full wp-image-739\" alt=\"IMG_3852\" src=\"http:\/\/aeroklubelblaski.pl\/wp-content\/uploads\/2012\/07\/IMG_3852.jpg\" width=\"1067\" height=\"1600\" \/><\/a><\/p>\n","protected":false},"excerpt":{"rendered":"<p>Rozpocz\u0119li\u015bmy przygotowania do festynu lotniczego. Ch\u0119tnych wystawc\u00f3w prosimy o kontakt telefoniczny 55 233 44 10, 537 33 44 10 lub e-mail: biuro@aeroklubelblaski.pl<\/p>\n","protected":false},"author":4,"featured_media":745,"comment_status":"closed","ping_status":"closed","sticky":false,"template":"","format":"standard","meta":{"_et_pb_use_builder":"","_et_pb_old_content":"","_et_gb_content_width":""},"categories":[],"tags":[],"_links":{"self":[{"href":"http:\/\/aeroklubelblaski.pl\/index.php\/wp-json\/wp\/v2\/posts\/2909"}],"collection":[{"href":"http:\/\/aeroklubelblaski.pl\/index.php\/wp-json\/wp\/v2\/posts"}],"about":[{"href":"http:\/\/aeroklubelblaski.pl\/index.php\/wp-json\/wp\/v2\/types\/post"}],"author":[{"embeddable":true,"href":"http:\/\/aeroklubelblaski.pl\/index.php\/wp-json\/wp\/v2\/users\/4"}],"replies":[{"embeddable":true,"href":"http:\/\/aeroklubelblaski.pl\/index.php\/wp-json\/wp\/v2\/comments?post=2909"}],"version-history":[{"count":0,"href":"http:\/\/aeroklubelblaski.pl\/index.php\/wp-json\/wp\/v2\/posts\/2909\/revisions"}],"wp:featuredmedia":[{"embeddable":true,"href":"http:\/\/aeroklubelblaski.pl\/index.php\/wp-json\/wp\/v2\/media\/745"}],"wp:attachment":[{"href":"http:\/\/aeroklubelblaski.pl\/index.php\/wp-json\/wp\/v2\/media?parent=2909"}],"wp:term":[{"taxonomy":"category","embeddable":true,"href":"http:\/\/aeroklubelblaski.pl\/index.php\/wp-json\/wp\/v2\/categories?post=2909"},{"taxonomy":"post_tag","embeddable":true,"href":"http:\/\/aeroklubelblaski.pl\/index.php\/wp-json\/wp\/v2\/tags?post=2909"}],"curies":[{"name":"wp","href":"https:\/\/api.w.org\/{rel}","templated":true}]}}