{"id":2902,"date":"2013-06-13T12:21:18","date_gmt":"2013-06-13T10:21:18","guid":{"rendered":"http:\/\/aeroklubelblaski.pl\/?p=902"},"modified":"2013-06-13T12:21:18","modified_gmt":"2013-06-13T10:21:18","slug":"wypozyczenie-samolotu-morane-rallye-ms-235","status":"publish","type":"post","link":"http:\/\/aeroklubelblaski.pl\/index.php\/2013\/06\/13\/wypozyczenie-samolotu-morane-rallye-ms-235\/","title":{"rendered":"Wypo\u017cyczenie samolotu Morane Rallye MS 235"},"content":{"rendered":"<p>Oferujemy wypo\u017cyczenie samolotu Morane Rallye MS 235 w bie\u017c\u0105cym sezonie<br \/>\nna\u00a0zawody i nie tylko.<br \/>\nMoc silnika 235 KM. W razie pyta\u0144 prosz\u0119 kontaktowa\u0107 si\u0119 z dyrektorem<br \/>\nAeroklubu Elbl\u0105skiego<br \/>\nMaciejem Le\u015bniewskim\u00a0lub Szefem Wyszkolenia Andrzejem Stadnikiem, tel. 537<br \/>\n33 44 10, 55 233 44 10, e-mail: <a href=\"http:\/\/poczta2.onet.pl\/napisz.html?e=dyrektor%40aeroklubelblaski.pl\" target=\"_blank\">dyrektor@aeroklubelblaski.pl<\/a>, <a href=\"http:\/\/poczta2.onet.pl\/napisz.html?e=wyszkolenie%40aeroklubelblaski.pl\" target=\"_blank\">wyszkolenie@aeroklubelblaski.pl<\/a><a href=\"http:\/\/aeroklubelblaski.pl\/2012\/07\/100-lecie-w-obiektywie\/img_3757\/\" rel=\"attachment wp-att-727\"><img loading=\"lazy\" class=\"alignleft size-full wp-image-727\" alt=\"235km\" src=\"http:\/\/aeroklubelblaski.pl\/wp-content\/uploads\/2012\/07\/IMG_3757.jpg\" width=\"1600\" height=\"1067\" \/><\/a><\/p>\n","protected":false},"excerpt":{"rendered":"<p>Oferujemy wypo\u017cyczenie samolotu Morane Rallye MS 235 w bie\u017c\u0105cym sezonie na\u00a0zawody i nie tylko. Moc silnika 235 KM. W razie pyta\u0144 prosz\u0119 kontaktowa\u0107 si\u0119 z dyrektorem Aeroklubu Elbl\u0105skiego Maciejem Le\u015bniewskim\u00a0lub Szefem Wyszkolenia Andrzejem Stadnikiem, tel. 537 33 44 10, 55 233 44 10, e-mail: dyrektor@aeroklubelblaski.pl, wyszkolenie@aeroklubelblaski.pl<\/p>\n","protected":false},"author":4,"featured_media":727,"comment_status":"closed","ping_status":"closed","sticky":false,"template":"","format":"standard","meta":{"_et_pb_use_builder":"","_et_pb_old_content":"","_et_gb_content_width":""},"categories":[],"tags":[],"_links":{"self":[{"href":"http:\/\/aeroklubelblaski.pl\/index.php\/wp-json\/wp\/v2\/posts\/2902"}],"collection":[{"href":"http:\/\/aeroklubelblaski.pl\/index.php\/wp-json\/wp\/v2\/posts"}],"about":[{"href":"http:\/\/aeroklubelblaski.pl\/index.php\/wp-json\/wp\/v2\/types\/post"}],"author":[{"embeddable":true,"href":"http:\/\/aeroklubelblaski.pl\/index.php\/wp-json\/wp\/v2\/users\/4"}],"replies":[{"embeddable":true,"href":"http:\/\/aeroklubelblaski.pl\/index.php\/wp-json\/wp\/v2\/comments?post=2902"}],"version-history":[{"count":0,"href":"http:\/\/aeroklubelblaski.pl\/index.php\/wp-json\/wp\/v2\/posts\/2902\/revisions"}],"wp:featuredmedia":[{"embeddable":true,"href":"http:\/\/aeroklubelblaski.pl\/index.php\/wp-json\/wp\/v2\/media\/727"}],"wp:attachment":[{"href":"http:\/\/aeroklubelblaski.pl\/index.php\/wp-json\/wp\/v2\/media?parent=2902"}],"wp:term":[{"taxonomy":"category","embeddable":true,"href":"http:\/\/aeroklubelblaski.pl\/index.php\/wp-json\/wp\/v2\/categories?post=2902"},{"taxonomy":"post_tag","embeddable":true,"href":"http:\/\/aeroklubelblaski.pl\/index.php\/wp-json\/wp\/v2\/tags?post=2902"}],"curies":[{"name":"wp","href":"https:\/\/api.w.org\/{rel}","templated":true}]}}