{"id":2867,"date":"2013-03-06T15:22:27","date_gmt":"2013-03-06T13:22:27","guid":{"rendered":"http:\/\/aeroklubelblaski.pl\/?p=867"},"modified":"2013-03-06T15:23:36","modified_gmt":"2013-03-06T13:23:36","slug":"konferencja-lotno-techniczna-bl-kwt-2013","status":"publish","type":"post","link":"http:\/\/aeroklubelblaski.pl\/index.php\/2013\/03\/06\/konferencja-lotno-techniczna-bl-kwt-2013\/","title":{"rendered":"Konferencja Lotno-Techniczna BL + KWT&#8230;.2013"},"content":{"rendered":"<div><strong>Konferencja lotno- techniczna, egzaminy kontroli wiadomo\u015bci teoretycznych, szkolenie pierwszej pomocy i P.PO\u017b odb\u0119d\u0105 si\u0119<br \/>\n23 marca 2013 o godzinie 10. Zapraszamy.<a href=\"http:\/\/aeroklubelblaski.pl\/2013\/03\/konferencja-lotno-techniczna-bl-kwt-2013\/zaraz-start\/\" rel=\"attachment wp-att-868\"><img loading=\"lazy\" class=\"alignleft size-full wp-image-868\" alt=\"zaraz start\" src=\"http:\/\/aeroklubelblaski.pl\/wp-content\/uploads\/2013\/03\/zaraz-start-.jpg\" width=\"640\" height=\"482\" \/><\/a><br \/>\n<\/strong><\/div>\n","protected":false},"excerpt":{"rendered":"<p>Konferencja lotno- techniczna, egzaminy kontroli wiadomo\u015bci teoretycznych, szkolenie pierwszej pomocy i P.PO\u017b odb\u0119d\u0105 si\u0119 23 marca 2013 o godzinie 10. Zapraszamy.<\/p>\n","protected":false},"author":4,"featured_media":868,"comment_status":"closed","ping_status":"closed","sticky":false,"template":"","format":"standard","meta":{"_et_pb_use_builder":"","_et_pb_old_content":"","_et_gb_content_width":""},"categories":[],"tags":[],"_links":{"self":[{"href":"http:\/\/aeroklubelblaski.pl\/index.php\/wp-json\/wp\/v2\/posts\/2867"}],"collection":[{"href":"http:\/\/aeroklubelblaski.pl\/index.php\/wp-json\/wp\/v2\/posts"}],"about":[{"href":"http:\/\/aeroklubelblaski.pl\/index.php\/wp-json\/wp\/v2\/types\/post"}],"author":[{"embeddable":true,"href":"http:\/\/aeroklubelblaski.pl\/index.php\/wp-json\/wp\/v2\/users\/4"}],"replies":[{"embeddable":true,"href":"http:\/\/aeroklubelblaski.pl\/index.php\/wp-json\/wp\/v2\/comments?post=2867"}],"version-history":[{"count":0,"href":"http:\/\/aeroklubelblaski.pl\/index.php\/wp-json\/wp\/v2\/posts\/2867\/revisions"}],"wp:featuredmedia":[{"embeddable":true,"href":"http:\/\/aeroklubelblaski.pl\/index.php\/wp-json\/wp\/v2\/media\/868"}],"wp:attachment":[{"href":"http:\/\/aeroklubelblaski.pl\/index.php\/wp-json\/wp\/v2\/media?parent=2867"}],"wp:term":[{"taxonomy":"category","embeddable":true,"href":"http:\/\/aeroklubelblaski.pl\/index.php\/wp-json\/wp\/v2\/categories?post=2867"},{"taxonomy":"post_tag","embeddable":true,"href":"http:\/\/aeroklubelblaski.pl\/index.php\/wp-json\/wp\/v2\/tags?post=2867"}],"curies":[{"name":"wp","href":"https:\/\/api.w.org\/{rel}","templated":true}]}}