{"id":2858,"date":"2012-12-15T11:44:16","date_gmt":"2012-12-15T09:44:16","guid":{"rendered":"http:\/\/aeroklubelblaski.pl\/?p=858"},"modified":"2012-12-15T11:59:54","modified_gmt":"2012-12-15T09:59:54","slug":"zebranie-sekcji-szybowcowej-ae","status":"publish","type":"post","link":"http:\/\/aeroklubelblaski.pl\/index.php\/2012\/12\/15\/zebranie-sekcji-szybowcowej-ae\/","title":{"rendered":"Zebranie Sekcji Szybowcowej AE"},"content":{"rendered":"<div>Cze\u015b\u0107 Wszystkim.<\/div>\n<div>Dnia 22-12-2012 o godz. 12:00, zapraszam na \u015bwi\u0105teczne zebranie sekcji.<\/div>\n<div>\n<div>Pozdrowionka<\/div>\n<div><\/div>\n<div>Marek Korz\u0105tkowski<a href=\"http:\/\/aeroklubelblaski.pl\/2012\/12\/zebranie-sekcji-szybowcowej-ae\/obraz-100\/\" rel=\"attachment wp-att-859\"><img loading=\"lazy\" class=\"alignleft size-medium wp-image-859\" title=\"PUCHACZ AE\" src=\"http:\/\/aeroklubelblaski.pl\/wp-content\/uploads\/2012\/12\/Obraz-100-800x533.jpg\" alt=\"\" width=\"800\" height=\"533\" \/><\/a><\/div>\n<\/div>\n","protected":false},"excerpt":{"rendered":"<p>Cze\u015b\u0107 Wszystkim. Dnia 22-12-2012 o godz. 12:00, zapraszam na \u015bwi\u0105teczne zebranie sekcji. Pozdrowionka Marek Korz\u0105tkowski<\/p>\n","protected":false},"author":4,"featured_media":863,"comment_status":"closed","ping_status":"open","sticky":false,"template":"","format":"standard","meta":{"_et_pb_use_builder":"","_et_pb_old_content":"","_et_gb_content_width":""},"categories":[],"tags":[],"_links":{"self":[{"href":"http:\/\/aeroklubelblaski.pl\/index.php\/wp-json\/wp\/v2\/posts\/2858"}],"collection":[{"href":"http:\/\/aeroklubelblaski.pl\/index.php\/wp-json\/wp\/v2\/posts"}],"about":[{"href":"http:\/\/aeroklubelblaski.pl\/index.php\/wp-json\/wp\/v2\/types\/post"}],"author":[{"embeddable":true,"href":"http:\/\/aeroklubelblaski.pl\/index.php\/wp-json\/wp\/v2\/users\/4"}],"replies":[{"embeddable":true,"href":"http:\/\/aeroklubelblaski.pl\/index.php\/wp-json\/wp\/v2\/comments?post=2858"}],"version-history":[{"count":0,"href":"http:\/\/aeroklubelblaski.pl\/index.php\/wp-json\/wp\/v2\/posts\/2858\/revisions"}],"wp:featuredmedia":[{"embeddable":true,"href":"http:\/\/aeroklubelblaski.pl\/index.php\/wp-json\/wp\/v2\/media\/863"}],"wp:attachment":[{"href":"http:\/\/aeroklubelblaski.pl\/index.php\/wp-json\/wp\/v2\/media?parent=2858"}],"wp:term":[{"taxonomy":"category","embeddable":true,"href":"http:\/\/aeroklubelblaski.pl\/index.php\/wp-json\/wp\/v2\/categories?post=2858"},{"taxonomy":"post_tag","embeddable":true,"href":"http:\/\/aeroklubelblaski.pl\/index.php\/wp-json\/wp\/v2\/tags?post=2858"}],"curies":[{"name":"wp","href":"https:\/\/api.w.org\/{rel}","templated":true}]}}