{"id":2704,"date":"2012-07-14T22:25:08","date_gmt":"2012-07-14T20:25:08","guid":{"rendered":"http:\/\/aeroklubelblaski.pl\/?p=704"},"modified":"2012-07-14T22:27:52","modified_gmt":"2012-07-14T20:27:52","slug":"100-lecie-w-obiektywie","status":"publish","type":"post","link":"http:\/\/aeroklubelblaski.pl\/index.php\/2012\/07\/14\/100-lecie-w-obiektywie\/","title":{"rendered":"100-lecie w obiektywie"},"content":{"rendered":"<p style=\"text-align: left;\">Zapraszamy do ogl\u0105dania zdj\u0119\u0107 z pokaz\u00f3w.<\/p>\n<p style=\"text-align: left;\"><!--more--><\/p>\n\n","protected":false},"excerpt":{"rendered":"<p>Zapraszamy do ogl\u0105dania zdj\u0119\u0107 z pokaz\u00f3w.<\/p>\n","protected":false},"author":4,"featured_media":0,"comment_status":"open","ping_status":"open","sticky":false,"template":"","format":"standard","meta":{"_et_pb_use_builder":"","_et_pb_old_content":"","_et_gb_content_width":""},"categories":[],"tags":[],"_links":{"self":[{"href":"http:\/\/aeroklubelblaski.pl\/index.php\/wp-json\/wp\/v2\/posts\/2704"}],"collection":[{"href":"http:\/\/aeroklubelblaski.pl\/index.php\/wp-json\/wp\/v2\/posts"}],"about":[{"href":"http:\/\/aeroklubelblaski.pl\/index.php\/wp-json\/wp\/v2\/types\/post"}],"author":[{"embeddable":true,"href":"http:\/\/aeroklubelblaski.pl\/index.php\/wp-json\/wp\/v2\/users\/4"}],"replies":[{"embeddable":true,"href":"http:\/\/aeroklubelblaski.pl\/index.php\/wp-json\/wp\/v2\/comments?post=2704"}],"version-history":[{"count":0,"href":"http:\/\/aeroklubelblaski.pl\/index.php\/wp-json\/wp\/v2\/posts\/2704\/revisions"}],"wp:attachment":[{"href":"http:\/\/aeroklubelblaski.pl\/index.php\/wp-json\/wp\/v2\/media?parent=2704"}],"wp:term":[{"taxonomy":"category","embeddable":true,"href":"http:\/\/aeroklubelblaski.pl\/index.php\/wp-json\/wp\/v2\/categories?post=2704"},{"taxonomy":"post_tag","embeddable":true,"href":"http:\/\/aeroklubelblaski.pl\/index.php\/wp-json\/wp\/v2\/tags?post=2704"}],"curies":[{"name":"wp","href":"https:\/\/api.w.org\/{rel}","templated":true}]}}