{"id":2604,"date":"2012-06-26T12:19:41","date_gmt":"2012-06-26T10:19:41","guid":{"rendered":"http:\/\/ae.napisal.pl\/?p=604"},"modified":"2012-07-10T16:34:54","modified_gmt":"2012-07-10T14:34:54","slug":"w-ratuszu-wyrzutnia-na-rynku-szybowiec-2","status":"publish","type":"post","link":"http:\/\/aeroklubelblaski.pl\/index.php\/2012\/06\/26\/w-ratuszu-wyrzutnia-na-rynku-szybowiec-2\/","title":{"rendered":"W Ratuszu wyrzutnia, na Rynku szybowiec"},"content":{"rendered":"<h2>Ratusz Staromiejski zaprasza 1 lipca (niedziela) o godz. 13 na otwarcie wystawy w ramach obchod\u00f3w 100-lecia lotnictwa w Elbl\u0105gu. Go\u015bcie b\u0119d\u0105 mogli zobaczy\u0107 eksponaty udost\u0119pnione przez Muzeum Lotnictwa Polskiego w Krakowie.<\/h2>\n<div align=\"center\"><\/div>\n<div>Na wystawie, opr\u00f3cz lotniczego dziedzictwa Ma\u0142opolski b\u0119dzie mo\u017cna zobaczy\u0107, m.in. fotel katapultowy z my\u015bliwca MiG-21, wyrzutni\u0119 pocisk\u00f3w rakietowych czy te\u017c lotnicz\u0105 kamer\u0119 fotograficzn\u0105. Dodatkow\u0105 atrakcj\u0105 w dniu otwarcia, w godz. 9-16, b\u0119dzie szybowiec z Aeroklubu Elbl\u0105skiego wystawiony na Starym Rynku (vis a vis Ratusza Staromiejskiego).<br \/>\nWystawa potrwa do 3 sierpnia. Wst\u0119p wolny.<\/div>\n","protected":false},"excerpt":{"rendered":"<p>Ratusz Staromiejski zaprasza 1 lipca (niedziela) o godz. 13 na otwarcie wystawy w ramach obchod\u00f3w 100-lecia lotnictwa w Elbl\u0105gu. Go\u015bcie b\u0119d\u0105 mogli zobaczy\u0107 eksponaty udost\u0119pnione przez Muzeum Lotnictwa Polskiego w Krakowie. Na wystawie, opr\u00f3cz lotniczego dziedzictwa Ma\u0142opolski b\u0119dzie mo\u017cna zobaczy\u0107, m.in. fotel katapultowy z my\u015bliwca MiG-21, wyrzutni\u0119 pocisk\u00f3w rakietowych czy te\u017c lotnicz\u0105 kamer\u0119 fotograficzn\u0105. Dodatkow\u0105 [&hellip;]<\/p>\n","protected":false},"author":4,"featured_media":0,"comment_status":"closed","ping_status":"open","sticky":false,"template":"","format":"standard","meta":{"_et_pb_use_builder":"","_et_pb_old_content":"","_et_gb_content_width":""},"categories":[],"tags":[],"_links":{"self":[{"href":"http:\/\/aeroklubelblaski.pl\/index.php\/wp-json\/wp\/v2\/posts\/2604"}],"collection":[{"href":"http:\/\/aeroklubelblaski.pl\/index.php\/wp-json\/wp\/v2\/posts"}],"about":[{"href":"http:\/\/aeroklubelblaski.pl\/index.php\/wp-json\/wp\/v2\/types\/post"}],"author":[{"embeddable":true,"href":"http:\/\/aeroklubelblaski.pl\/index.php\/wp-json\/wp\/v2\/users\/4"}],"replies":[{"embeddable":true,"href":"http:\/\/aeroklubelblaski.pl\/index.php\/wp-json\/wp\/v2\/comments?post=2604"}],"version-history":[{"count":0,"href":"http:\/\/aeroklubelblaski.pl\/index.php\/wp-json\/wp\/v2\/posts\/2604\/revisions"}],"wp:attachment":[{"href":"http:\/\/aeroklubelblaski.pl\/index.php\/wp-json\/wp\/v2\/media?parent=2604"}],"wp:term":[{"taxonomy":"category","embeddable":true,"href":"http:\/\/aeroklubelblaski.pl\/index.php\/wp-json\/wp\/v2\/categories?post=2604"},{"taxonomy":"post_tag","embeddable":true,"href":"http:\/\/aeroklubelblaski.pl\/index.php\/wp-json\/wp\/v2\/tags?post=2604"}],"curies":[{"name":"wp","href":"https:\/\/api.w.org\/{rel}","templated":true}]}}