{"id":2591,"date":"2012-06-28T12:13:35","date_gmt":"2012-06-28T10:13:35","guid":{"rendered":"http:\/\/ae.napisal.pl\/?p=591"},"modified":"2012-07-12T19:25:19","modified_gmt":"2012-07-12T17:25:19","slug":"100-lecie-lotnictwa-w-elblagu-2","status":"publish","type":"post","link":"http:\/\/aeroklubelblaski.pl\/index.php\/2012\/06\/28\/100-lecie-lotnictwa-w-elblagu-2\/","title":{"rendered":"100 &#8211; LECIE LOTNICTWA W ELBL\u0104GU"},"content":{"rendered":"<p>14 lipca 2012 roku odb\u0119d\u0105 si\u0119 uroczyste obchody 100-lecia lotnictwa w Elbl\u0105gu. W godzinach od 12.00. do 18.00. odb\u0119d\u0105 si\u0119 pokazy w powietrzu (cz\u0119\u015b\u0107 lotnicza), za kt\u00f3r\u0105 jest odpowiedzialne nasze stowarzyszenie. Jest to wydarzenie unikatowe w skali Polski. Szacujemy, \u017ce b\u0119dzie to jedna z najwi\u0119kszych imprez plenerowych tego roku.<\/p>\n<p>Zaprosili\u015bmy do udzia\u0142u liczne grono pasjonat\u00f3w lotnictwa &#8211; pilot\u00f3w z Polski i zagranicy, kt\u00f3rzy przyb\u0119d\u0105 do nas na r\u00f3\u017cnych typach statk\u00f3w powietrznych. Odb\u0119d\u0105 si\u0119 specjalne pokazy lotnicze m. in. z udzia\u0142em Bia\u0142o-Czerwonych Iskier, \u015bmig\u0142owc\u00f3w Stra\u017cy Granicznej i Marynarki Wojennej RP, Grupy Akrobacyjnej \u201e\u017belazny\u201d. W ramach \u201eXVI \u015awi\u0119toja\u0144skich Zawod\u00f3w Balonowych im. Bogus\u0142awa Stankiewicza\u201d zobaczymy przelot balon\u00f3w nad elbl\u0105skim lotniskiem specjalnie na potrzeby obchod\u00f3w 100-lecia lotnictwa.<\/p>\n<p>Dla dzieci przygotowane zostan\u0105 atrakcje takie jak: zje\u017cd\u017calnia dmuchany zamek, dla maluch\u00f3w basen z pi\u0142kami, dla starszych dzieci dwutygodniowe tatua\u017ce z henny, loteria fantowa &#8211; ko\u0142o fortuny oraz trampoliny. Ponadto zorganizowane zostan\u0105 warsztaty balonowe czyli, skr\u0119canie balon\u00f3w w r\u00f3\u017cne zwierzaki. Utworzone zostan\u0105 stoiska z balonami helowymi oraz z butonami, czyli mo\u017cliwo\u015bci\u0105 zrobienia przypinki z w\u0142asnym zdj\u0119ciem. B\u0119dzie miejsce do spo\u017cywania posi\u0142k\u00f3w i napoi.<\/p>\n<p><iframe loading=\"lazy\" title=\"Zapraszamy na 100-lecie lotnictwa w Elbl\u0105gu\" width=\"1080\" height=\"608\" src=\"https:\/\/www.youtube.com\/embed\/ZSx0kWeTW7U?feature=oembed\"  allow=\"accelerometer; autoplay; clipboard-write; encrypted-media; gyroscope; picture-in-picture; web-share\" referrerpolicy=\"strict-origin-when-cross-origin\" allowfullscreen><\/iframe><\/p>\n<p>Opr\u00f3cz w\/w atrakcji 16 Dywizja Zmechanizowana udost\u0119pni na potrzeby festynu pojazd opancerzony BRDM-2 w raz z za\u0142og\u0105 z pe\u0142nym wyposa\u017ceniem indywidualnym oraz czteroko\u0142owy pojazd rozpoznawczy. 16 DZ utworzy stoisko promocyjno-informacyjne prezentuj\u0105ce profil i wizerunek wsp\u00f3\u0142czesnych Wojsk L\u0105dowych. Ponadto b\u0119dzie mo\u017cna zobaczy\u0107 wystaw\u0119 modelarsk\u0105 w tym pokaz modeli lataj\u0105cych. B\u0119d\u0105 r\u00f3wnie\u017c mo\u017cliwe loty zapoznawcze. Opr\u00f3cz wy\u017cej wymienionych atrakcji b\u0119d\u0105 r\u00f3wnie\u017c dwa ruchome symulatory lotu, kt\u00f3re posiadaj\u0105 ruchome fotele oraz monitory, oddaj\u0105 one wiernie doznania z lotu prawdziwym samolotem. Unikalne oprogramowanie pozwala wykona\u0107 lot w ka\u017cdych warunkach atmosferycznych. Ruchomy symulator to jedynie takie urz\u0105dzenie w Polsce.<\/p>\n<p>Drugim etapem festynu jest cz\u0119\u015b\u0107 rozrywkowo-estradowa, za kt\u00f3r\u0105 odpowiada Urz\u0105d Miejski w Elbl\u0105gu. W godzinach wieczornych odb\u0119d\u0105 si\u0119 wyst\u0119py muzyczne m.in. b\u0119dzie mo\u017cna us\u0142ysze\u0107 zesp\u00f3\u0142 \u017buki, Overtime oraz Patrycj\u0119 Ost. B\u0119dzie mo\u017cna obejrze\u0107 tak\u017ce ekspozycj\u0119 przygotowan\u0105 przez Muzeum Lotnictwa w Krakowie. Odb\u0119dzie si\u0119 konferencja naukowa po\u015bwi\u0119cona lotnictwu, kt\u00f3rej pok\u0142osiem b\u0119dzie publikacja ksi\u0105\u017ckowa.<\/p>\n<p>Organizatorem obchod\u00f3w 100-lecia lotnictwa jest stowarzyszenie Aeroklub Elbl\u0105ski oraz w\u0142adze samorz\u0105dowe Elbl\u0105ga. Jednocze\u015bnie dzi\u0119kujemy sponsorom oraz darczy\u0144c\u0105, kt\u00f3rzy pomogli nam w organizacji 100-lecia lotnictwa w Elbl\u0105gu. Zapraszamy wszystkich na obchody 100-lecia lotnictwa w Elbl\u0105gu.<\/p>\n<p><a href=\"http:\/\/aeroklubelblaski.pl\/wp-content\/uploads\/2011\/09\/elblag.pdf\" rel=\"attachment wp-att-430\">Historia lotniska<\/a><\/p>\n<p>Do zobaczenia na lotnisku.<\/p>\n<div id=\"attachment_690\" style=\"width: 966px\" class=\"wp-caption alignleft\"><a href=\"http:\/\/aeroklubelblaski.pl\/2012\/06\/100-lecie-lotnictwa-w-elblagu-2\/mapa-parkingowa-2\/\" rel=\"attachment wp-att-690\"><img aria-describedby=\"caption-attachment-690\" loading=\"lazy\" class=\"size-full wp-image-690\" title=\"MAPA PARKINGOWA\" src=\"http:\/\/aeroklubelblaski.pl\/wp-content\/uploads\/2012\/06\/MAPA-PARKINGOWA1.jpg\" alt=\"\" width=\"956\" height=\"628\" \/><\/a><p id=\"caption-attachment-690\" class=\"wp-caption-text\">STREFA PARKOWANIA WJAZD OD ULICY AKACJOWEJ<\/p><\/div>\n<p><a href=\"http:\/\/aeroklubelblaski.pl\/wp-content\/uploads\/2012\/06\/plakat-100lecie.jpg\"><img loading=\"lazy\" class=\"aligncenter size-full wp-image-650\" title=\"plakat 100lecie\" src=\"http:\/\/aeroklubelblaski.pl\/wp-content\/uploads\/2012\/06\/plakat-100lecie.jpg\" alt=\"\" width=\"566\" height=\"800\" \/><\/a><a href=\"http:\/\/aeroklubelblaski.pl\/wp-content\/uploads\/2012\/06\/plakat-100lecie.jpg\"><br \/>\n<\/a>Sponsorzy:<br \/>\n<\/p>\n","protected":false},"excerpt":{"rendered":"<p>14 lipca 2012 roku odb\u0119d\u0105 si\u0119 uroczyste obchody 100-lecia lotnictwa w Elbl\u0105gu. W godzinach od 12.00. do 18.00. odb\u0119d\u0105 si\u0119 pokazy w powietrzu (cz\u0119\u015b\u0107 lotnicza), za kt\u00f3r\u0105 jest odpowiedzialne nasze stowarzyszenie. Jest to wydarzenie unikatowe w skali Polski. Szacujemy, \u017ce b\u0119dzie to jedna z najwi\u0119kszych imprez plenerowych tego roku. Zaprosili\u015bmy do udzia\u0142u liczne grono pasjonat\u00f3w [&hellip;]<\/p>\n","protected":false},"author":4,"featured_media":650,"comment_status":"open","ping_status":"open","sticky":false,"template":"","format":"standard","meta":{"_et_pb_use_builder":"","_et_pb_old_content":"","_et_gb_content_width":""},"categories":[],"tags":[],"_links":{"self":[{"href":"http:\/\/aeroklubelblaski.pl\/index.php\/wp-json\/wp\/v2\/posts\/2591"}],"collection":[{"href":"http:\/\/aeroklubelblaski.pl\/index.php\/wp-json\/wp\/v2\/posts"}],"about":[{"href":"http:\/\/aeroklubelblaski.pl\/index.php\/wp-json\/wp\/v2\/types\/post"}],"author":[{"embeddable":true,"href":"http:\/\/aeroklubelblaski.pl\/index.php\/wp-json\/wp\/v2\/users\/4"}],"replies":[{"embeddable":true,"href":"http:\/\/aeroklubelblaski.pl\/index.php\/wp-json\/wp\/v2\/comments?post=2591"}],"version-history":[{"count":0,"href":"http:\/\/aeroklubelblaski.pl\/index.php\/wp-json\/wp\/v2\/posts\/2591\/revisions"}],"wp:featuredmedia":[{"embeddable":true,"href":"http:\/\/aeroklubelblaski.pl\/index.php\/wp-json\/wp\/v2\/media\/650"}],"wp:attachment":[{"href":"http:\/\/aeroklubelblaski.pl\/index.php\/wp-json\/wp\/v2\/media?parent=2591"}],"wp:term":[{"taxonomy":"category","embeddable":true,"href":"http:\/\/aeroklubelblaski.pl\/index.php\/wp-json\/wp\/v2\/categories?post=2591"},{"taxonomy":"post_tag","embeddable":true,"href":"http:\/\/aeroklubelblaski.pl\/index.php\/wp-json\/wp\/v2\/tags?post=2591"}],"curies":[{"name":"wp","href":"https:\/\/api.w.org\/{rel}","templated":true}]}}