{"id":2582,"date":"2012-06-01T12:21:33","date_gmt":"2012-06-01T10:21:33","guid":{"rendered":"http:\/\/ae.napisal.pl\/?p=582"},"modified":"2012-06-22T12:24:00","modified_gmt":"2012-06-22T10:24:00","slug":"ludzie-i-samoloty-reportaz-wideo","status":"publish","type":"post","link":"http:\/\/aeroklubelblaski.pl\/index.php\/2012\/06\/01\/ludzie-i-samoloty-reportaz-wideo\/","title":{"rendered":"Ludzie i samoloty &#8211; reporta\u017c wideo"},"content":{"rendered":"<p><em>Za e\u015awiatowid.pl: &#8222;W\u015br\u00f3d oko\u0142o 80 os\u00f3b nale\u017c\u0105cych do Aeroklubu Elbl\u0105skiego s\u0105 mieszka\u0144cy ca\u0142ego regionu, w r\u00f3\u017cnym wieku i o r\u00f3\u017cnym sta\u017cu lotniczym. Drogi do spotkania z lotnictwem s\u0105 r\u00f3\u017cne &#8211; dzieci\u0119ce, m\u0142odzie\u0144cze marzenia lub zwyk\u0142y przypadek, ale cz\u0119sto jest to pasja na ca\u0142e \u017cycie&#8230;&#8221;<\/em><\/p>\n<p><em><\/em><em>Reporta\u017c wideo dost\u0119pny pod adresem:\u00a0<\/em>http:\/\/eswiatowid.pl\/?page=news&amp;ShowOne=7014<\/p>\n","protected":false},"excerpt":{"rendered":"<p>Za e\u015awiatowid.pl: &#8222;W\u015br\u00f3d oko\u0142o 80 os\u00f3b nale\u017c\u0105cych do Aeroklubu Elbl\u0105skiego s\u0105 mieszka\u0144cy ca\u0142ego regionu, w r\u00f3\u017cnym wieku i o r\u00f3\u017cnym sta\u017cu lotniczym. Drogi do spotkania z lotnictwem s\u0105 r\u00f3\u017cne &#8211; dzieci\u0119ce, m\u0142odzie\u0144cze marzenia lub zwyk\u0142y przypadek, ale cz\u0119sto jest to pasja na ca\u0142e \u017cycie&#8230;&#8221; Reporta\u017c wideo dost\u0119pny pod adresem:\u00a0http:\/\/eswiatowid.pl\/?page=news&amp;ShowOne=7014<\/p>\n","protected":false},"author":4,"featured_media":0,"comment_status":"closed","ping_status":"open","sticky":false,"template":"","format":"standard","meta":{"_et_pb_use_builder":"","_et_pb_old_content":"","_et_gb_content_width":""},"categories":[],"tags":[],"_links":{"self":[{"href":"http:\/\/aeroklubelblaski.pl\/index.php\/wp-json\/wp\/v2\/posts\/2582"}],"collection":[{"href":"http:\/\/aeroklubelblaski.pl\/index.php\/wp-json\/wp\/v2\/posts"}],"about":[{"href":"http:\/\/aeroklubelblaski.pl\/index.php\/wp-json\/wp\/v2\/types\/post"}],"author":[{"embeddable":true,"href":"http:\/\/aeroklubelblaski.pl\/index.php\/wp-json\/wp\/v2\/users\/4"}],"replies":[{"embeddable":true,"href":"http:\/\/aeroklubelblaski.pl\/index.php\/wp-json\/wp\/v2\/comments?post=2582"}],"version-history":[{"count":0,"href":"http:\/\/aeroklubelblaski.pl\/index.php\/wp-json\/wp\/v2\/posts\/2582\/revisions"}],"wp:attachment":[{"href":"http:\/\/aeroklubelblaski.pl\/index.php\/wp-json\/wp\/v2\/media?parent=2582"}],"wp:term":[{"taxonomy":"category","embeddable":true,"href":"http:\/\/aeroklubelblaski.pl\/index.php\/wp-json\/wp\/v2\/categories?post=2582"},{"taxonomy":"post_tag","embeddable":true,"href":"http:\/\/aeroklubelblaski.pl\/index.php\/wp-json\/wp\/v2\/tags?post=2582"}],"curies":[{"name":"wp","href":"https:\/\/api.w.org\/{rel}","templated":true}]}}