{"id":2570,"date":"2012-06-01T18:56:35","date_gmt":"2012-06-01T16:56:35","guid":{"rendered":"http:\/\/ae.napisal.pl\/?p=570"},"modified":"2012-06-20T18:58:37","modified_gmt":"2012-06-20T16:58:37","slug":"o-lataniu-naukowo","status":"publish","type":"post","link":"http:\/\/aeroklubelblaski.pl\/index.php\/2012\/06\/01\/o-lataniu-naukowo\/","title":{"rendered":"O lataniu naukowo"},"content":{"rendered":"<h2>&#8211; Rok 2012 jest szczeg\u00f3lny, bo opr\u00f3cz stulecia zwi\u0105zk\u00f3w lotnictwa z Elbl\u0105giem, obchodzimy tak\u017ce 55-lecie naszego aeroklubu \u2013 m\u00f3wi\u0142 Cezary Orlikowski, Prezes Aeroklubu Elbl\u0105skiego podczas otwarcia wczorajszej (31 maja) konferencji pn. \u201eIII Elbl\u0105skie Biennale Lotnicze 100- lecie lotnictwa w Elbl\u0105gu\u201d.<\/h2>\n<div align=\"center\"><\/div>\n<div>Powszechnie uwa\u017ca si\u0119, i\u017c epoka latania rozpocz\u0119\u0142a si\u0119 od udanego lotu braci Wright w 1903 roku. Natomiast historia lotnictwa w Elbl\u0105gu rozpoczyna si\u0119 w sierpniu 1912 roku, kiedy to niemiecki \u201e\u0142owca rekord\u00f3w\u201d lotniczych Otto Stiefvatter wzi\u0105\u0142 udzia\u0142 w zawodach, kt\u00f3rych trasa zaczyna\u0142a si\u0119 w Berlinie, a ko\u0144czy\u0142a w Kr\u00f3lewcu. Podczas wykonywania przelotu w samolocie zabrak\u0142o paliwa, tym samym pilot zosta\u0142 zmuszony do l\u0105dowania awaryjnego w okolicach dzisiejszego aeroklubu w Elbl\u0105gu. Wydarzenie to sta\u0142o si\u0119 impulsem do rozwoju lotnictwa elbl\u0105skiego. Natomiast Aeroklub Elbl\u0105ski rozpocz\u0105\u0142 swoj\u0105 dzia\u0142alno\u015b\u0107 w roku 1957, jako filia Aeroklubu Gda\u0144skiego, by w 1963 roku sta\u0107 si\u0119 samodzieln\u0105 jednostk\u0105. Jest to stowarzyszenie, kt\u00f3re od pocz\u0105tku swojego istnienia jako sw\u00f3j g\u0142\u00f3wny cel obra\u0142o edukacj\u0119 oraz szkolenie w sportach lotniczych.<br \/>\nKonferencja, kt\u00f3ra odby\u0142a si\u0119 w siedzibie Pa\u0144stwowej Wy\u017cszej Szko\u0142y Zawodowej zainaugurowa\u0142a obchody stulecia zwi\u0105zk\u00f3w lotnictwa z Elbl\u0105giem. Jednym z wydarze\u0144 powi\u0105zanych z uroczysto\u015bciami b\u0119dzie Mi\u0119dzynarodowy Zlot Pasjonat\u00f3w Lotnictwa tzw. festyn lotniczy, podczas kt\u00f3rego odb\u0119dzie si\u0119 wiele atrakcji przygotowanych dla mieszka\u0144c\u00f3w.<br \/>\n\u2013 Od d\u0142u\u017cszego czasu w\u0142adze miasta wsp\u00f3\u0142pracuj\u0105 z Aeroklubem Elbl\u0105skim przy organizacji obchod\u00f3w tego jubileuszu. 14 lipca na terenie Aeroklubu Elbl\u0105skiego odb\u0119dzie si\u0119 festyn, kt\u00f3ry b\u0119dzie si\u0119 sk\u0142ada\u0142 z dw\u00f3ch cz\u0119\u015bci \u2013 m\u00f3wi\u0142 Rafa\u0142 Gruchalski, dyrektor Departamentu Komunikacji Spo\u0142ecznej w Elbl\u0105gu. \u2013 Pierwsza z nich b\u0119dzie mia\u0142a charakter pokazowy, lotniczy, powi\u0105zany z histori\u0105 lotnictwa, a nast\u0119pnie odb\u0119dzie si\u0119 cz\u0119\u015b\u0107 rozrywkowo \u2013 festynowa. Poza tym 1 lipca, w Ratuszu Staromiejskim, odb\u0119dzie si\u0119 wernisa\u017c wystawy, kt\u00f3ra zostanie sprowadzona z Muzeum Lotnictwa w Krakowie.<br \/>\n\u2013 Podczas obchod\u00f3w b\u0119dzie mo\u017cna zobaczy\u0107 Zesp\u00f3\u0142 Akrobacyjny \u201eBia\u0142o- Czerwone Iskry\u201d, samoloty i \u015bmig\u0142owce Stra\u017cy Granicznej, wojsk lotniczych i marynarki wojennej, a tak\u017ce policji \u2013 zapowiada\u0142 Cezary Orlikowski, Prezes Aeroklubu Elbl\u0105skiego. \u2013 Poza tym planujemy zlot ma\u0142ych samolot\u00f3w turystycznych oraz pokazy w takim zakresie, w jakim mia\u0142y one miejsce dotychczas.<br \/>\nPodczas konferencji prelegenci przedstawiali r\u00f3\u017cne aspekty historyczne, ekonomiczne, ale tak\u017ce przyrodnicze zwi\u0105zane z lotnictwem. Pojawi\u0142 si\u0119 r\u00f3wnie\u017c element dotycz\u0105cy prognoz rozwoju lotniska w Elbl\u0105gu.<br \/>\n\u2013 Ta konferencja ma r\u00f3wnie\u017c wymiar pragmatyczny, zw\u0142aszcza w naszym mie\u015bcie, kt\u00f3re mo\u017ce mie\u0107 w przysz\u0142o\u015bci status miasta posiadaj\u0105cego lotnisko o charakterze lokalnym \u2013 m\u00f3wi\u0142 prezydent Elbl\u0105ga Grzegorz Nowaczyk. \u2013 W strategii rozwoju spo\u0142eczno- gospodarczego wojew\u00f3dztwa warmi\u0144sko- mazurskiego lotnisko w Elbl\u0105gu jest w\u015br\u00f3d trzech lotnisk lokalnych, dla kt\u00f3rych przewidziane jest wsparcie \u015brodkami Unii Europejskiej.<\/div>\n<div><\/div>\n<div><a href=\"http:\/\/ae.napisal.pl\/2012\/06\/o-lataniu-naukowo\/phpfakf4e\/\" rel=\"attachment wp-att-571\"><img loading=\"lazy\" class=\"aligncenter size-medium wp-image-571\" title=\"phpFaKf4E\" src=\"http:\/\/ae.napisal.pl\/wp-content\/uploads\/2012\/06\/phpFaKf4E-300x199.jpg\" alt=\"\" width=\"300\" height=\"199\" \/><\/a><\/div>\n<div>\n\u2013 W strategii rozwoju wojew\u00f3dztwa, kt\u00f3ra obecnie jest aktualizowana, uj\u0119te s\u0105 trzy porty o charakterze lokalnym, w tym ten elbl\u0105ski. Aktualnie mamy tak\u0105 sytuacj\u0119, w kt\u00f3rej Komisja Europejska dofinansowywa\u0142a tylko i wy\u0142\u0105cznie lotniska o charakterze regionalnym, na lotniska lokalne nie mo\u017cna by\u0142o uzyska\u0107 \u017cadnych \u015brodk\u00f3w finansowych \u2013 wyja\u015bnia\u0142 Witold Wr\u00f3blewski, cz\u0142onek Zarz\u0105du Wojew\u00f3dztwa Warmi\u0144sko- Mazurskiego. \u2013 W zwi\u0105zku z tym, \u017ce obecnie lotnisko lokalne nie mo\u017ce by\u0107 bezpo\u015brednio dofinansowane, powsta\u0142 pewien pomys\u0142 gdzie tych funduszy szuka\u0107. W ubieg\u0142ym roku spotka\u0142em si\u0119 z przedstawicielami Aeroklubu Elbl\u0105skiego i zaproponowa\u0142em, by pomy\u015ble\u0107 o innych programach transgranicznych, na przyk\u0142ad o Programie Wsp\u00f3\u0142pracy Transgranicznej Litwa- Polska- Rosja, gdzie szczeg\u00f3lne znaczenie mia\u0142oby po\u0142o\u017cenie Elbl\u0105ga. Jako, \u017ce w strategi\u0119 rozwoju miasta Elbl\u0105ga wpisane jest wybudowanie betonowego pasa na lotnisku, mo\u017cna by \u201epo\u0142\u0105czy\u0107 si\u0142y\u201d z obwodem kaliningradzkim, ale nie robi\u0107 tego pod has\u0142em \u201ebudujemy lotnisko\u201d, a potraktowa\u0107 to jako narz\u0119dzie do innych cel\u00f3w, na przyk\u0142ad zwi\u0105zanych z rozwojem wsp\u00f3\u0142pracy pomi\u0119dzy pa\u0144stwami.<br \/>\n\u2013 Niew\u0105tpliwie bardzo skrz\u0119tnie przyjrzymy si\u0119 tym mo\u017cliwo\u015bciom, kt\u00f3re przedstawi\u0142 pan Witold Wr\u00f3blewski. B\u0119d\u0105 mia\u0142y tutaj sw\u00f3j udzia\u0142 trzy strony, a mianowicie w\u0142adze miasta, aeroklub oraz w\u0142adze wojew\u00f3dztwa \u2013 wyja\u015bnia\u0142 Cezary Orlikowski. \u2013 Trzeba rozwa\u017cnie podej\u015b\u0107 do tych plan\u00f3w, bowiem nale\u017ca\u0142oby zmodernizowa\u0107 infrastruktur\u0119 lotniska w zakresie, kt\u00f3ry jest przede wszystkim potrzebny aeroklubowi, aby m\u00f3g\u0142 wype\u0142nia\u0107 swoj\u0105 misj\u0119, ale tak\u017ce w takim, kt\u00f3ry potrzebny jest miastu i jego szeroko rozumianemu otoczeniu.<\/div>\n<div>\u00a0\u00a0\u00a0\u00a0\u00a0Honorowy Patronat nad Konferencj\u0105 obj\u0105\u0142 Grzegorz Nowaczyk, prezydent Miasta Elbl\u0105ga oraz prof. Zbigniew Walczyk, rektor Pa\u0144stwowej Wy\u017cszej Szko\u0142y Zawodowej w Elbl\u0105gu.<\/div>\n<div><\/div>\n<div>\u0179r\u00f3d\u0142o: <a href=\"htttp:\/\/www.portel.pl\" target=\"_blank\">htttp:\/\/www.portel.pl<\/a><\/div>\n","protected":false},"excerpt":{"rendered":"<p>&#8211; Rok 2012 jest szczeg\u00f3lny, bo opr\u00f3cz stulecia zwi\u0105zk\u00f3w lotnictwa z Elbl\u0105giem, obchodzimy tak\u017ce 55-lecie naszego aeroklubu \u2013 m\u00f3wi\u0142 Cezary Orlikowski, Prezes Aeroklubu Elbl\u0105skiego podczas otwarcia wczorajszej (31 maja) konferencji pn. \u201eIII Elbl\u0105skie Biennale Lotnicze 100- lecie lotnictwa w Elbl\u0105gu\u201d. Powszechnie uwa\u017ca si\u0119, i\u017c epoka latania rozpocz\u0119\u0142a si\u0119 od udanego lotu braci Wright w 1903 [&hellip;]<\/p>\n","protected":false},"author":4,"featured_media":571,"comment_status":"closed","ping_status":"open","sticky":false,"template":"","format":"standard","meta":{"_et_pb_use_builder":"","_et_pb_old_content":"","_et_gb_content_width":""},"categories":[],"tags":[],"_links":{"self":[{"href":"http:\/\/aeroklubelblaski.pl\/index.php\/wp-json\/wp\/v2\/posts\/2570"}],"collection":[{"href":"http:\/\/aeroklubelblaski.pl\/index.php\/wp-json\/wp\/v2\/posts"}],"about":[{"href":"http:\/\/aeroklubelblaski.pl\/index.php\/wp-json\/wp\/v2\/types\/post"}],"author":[{"embeddable":true,"href":"http:\/\/aeroklubelblaski.pl\/index.php\/wp-json\/wp\/v2\/users\/4"}],"replies":[{"embeddable":true,"href":"http:\/\/aeroklubelblaski.pl\/index.php\/wp-json\/wp\/v2\/comments?post=2570"}],"version-history":[{"count":0,"href":"http:\/\/aeroklubelblaski.pl\/index.php\/wp-json\/wp\/v2\/posts\/2570\/revisions"}],"wp:featuredmedia":[{"embeddable":true,"href":"http:\/\/aeroklubelblaski.pl\/index.php\/wp-json\/wp\/v2\/media\/571"}],"wp:attachment":[{"href":"http:\/\/aeroklubelblaski.pl\/index.php\/wp-json\/wp\/v2\/media?parent=2570"}],"wp:term":[{"taxonomy":"category","embeddable":true,"href":"http:\/\/aeroklubelblaski.pl\/index.php\/wp-json\/wp\/v2\/categories?post=2570"},{"taxonomy":"post_tag","embeddable":true,"href":"http:\/\/aeroklubelblaski.pl\/index.php\/wp-json\/wp\/v2\/tags?post=2570"}],"curies":[{"name":"wp","href":"https:\/\/api.w.org\/{rel}","templated":true}]}}