{"id":2563,"date":"2012-06-08T18:47:06","date_gmt":"2012-06-08T16:47:06","guid":{"rendered":"http:\/\/ae.napisal.pl\/?p=563"},"modified":"2012-06-20T18:52:23","modified_gmt":"2012-06-20T16:52:23","slug":"lotnicy-elblag-ma-sie-czym-pochwalic","status":"publish","type":"post","link":"http:\/\/aeroklubelblaski.pl\/index.php\/2012\/06\/08\/lotnicy-elblag-ma-sie-czym-pochwalic\/","title":{"rendered":"Lotnicy: Elbl\u0105g ma si\u0119 czym pochwali\u0107"},"content":{"rendered":"<h2>8 czerwca na lotnisku Aeroklubu Elbl\u0105skiego go\u015bcili uczestnicy Mi\u0119dzynarodowego Rajdu po Lotniskach Warmii i Mazur. Dwunastu pilot\u00f3w bra\u0142o udzia\u0142 w konkurencji na celno\u015b\u0107 l\u0105dowania. Po kr\u00f3tkim pobycie za\u0142ogi odlec\u0105 z Elbl\u0105ga na kolejne lotniska, by o godz. 18 w Kikitach obejrze\u0107 mecz otwarcia Euro 2012. Zobacz\u00a0<a href=\"http:\/\/www.portel.pl\/fotka0.php3?id_fot=2771&amp;id_dz=21\">fotoreporta\u017c.<\/a><\/h2>\n<div align=\"center\"><\/div>\n<div>&#8211; G\u0142\u00f3wnym celem rajdu jest promocja wielu fantastycznych miejsc na terenie Warmii i Mazur, do kt\u00f3rych mo\u017cna dolecie\u0107, a nast\u0119pnie je zwiedzi\u0107 &#8211; m\u00f3wi organizator rajdu Stanis\u0142aw To\u0142wi\u0144ski, prezes Aeroklubu Krainy Jezior. I dodaje: &#8211; Najbardziej zale\u017cy nam na pokazaniu walor\u00f3w turystycznych czy biznesowych znajduj\u0105cych si\u0119 w okolicach lotnisk. L\u0105duj\u0105c tu po raz trzeci w historii rajdu chcemy pokaza\u0107 Elbl\u0105g, jako miejsce atrakcyjne nie tylko lotniczo, ale r\u00f3wnie\u017c turystycznie. To lotnisko, po powstaniu twardego pasa betonowego lub asfaltowego, mo\u017ce podnie\u015b\u0107 rang\u0119 miasta i uczyni\u0107 Elbl\u0105g bardziej atrakcyjny dla biznesu nie tylko z Polski, ale r\u00f3wnie\u017c z ca\u0142ej Europy.<\/div>\n<div>\nW Elbl\u0105gu uczestnicy rajdu, opr\u00f3cz konkurencji sportowej, mieli okazj\u0119 zapozna\u0107 si\u0119 z planami wielkiej lipcowej imprezy organizowanej z okazji 100-lecia lotnictwa w Elbl\u0105gu. Nast\u0119pnie wsiedli do swoich maszyn odlecieli do Olsztyna, sk\u0105d przez Gry\u017aliny udadz\u0105 si\u0119 do Kikit. Tam obejrz\u0105 mecz otwarcia Euro 2012 Polska &#8211; Grecja. Po meczu nast\u0105pi przelot na lotnisko k\u0119trzy\u0144skie, gdzie we wsp\u00f3lnym gronie obejrz\u0105 drugie dzisiejsze spotkanie pi\u0142karskie.<\/div>\n<div>\nUczestnicy rajdu to bardzo kolorowa grupa. Niemal wszyscy wymalowani s\u0105 w nasze barwy narodowe, maj\u0105 bia\u0142o-czerwone szaliki, peruki, czapki. S\u0105 pe\u0142ni nadziei w zwi\u0105zku z rozpoczynaj\u0105cymi si\u0119 mistrzostwami Europy. Dzisiaj z pewno\u015bci\u0105 b\u0119d\u0105 \u015bciska\u0107 mocno kciuki za bia\u0142o-czerwonych i jak nam powiedzieli: &#8211; Polacy wygraj\u0105 z Grecj\u0105 na pewno.<\/div>\n<div><\/div>\n<div><a href=\"http:\/\/ae.napisal.pl\/2012\/06\/lotnicy-elblag-ma-sie-czym-pochwalic\/php2pletg\/\" rel=\"attachment wp-att-564\"><img loading=\"lazy\" class=\"aligncenter size-medium wp-image-564\" title=\"php2plEtG\" src=\"http:\/\/ae.napisal.pl\/wp-content\/uploads\/2012\/06\/php2plEtG-300x199.jpg\" alt=\"\" width=\"300\" height=\"199\" \/><\/a><\/div>\n<div>&#8211;\u00a0Na rajd przylecia\u0142y samoloty typu Cessna, Morane, Dynamic, Zodiak i Skyranger &#8211; kontynuuje Stanis\u0142aw To\u0142wi\u0144ski. &#8211; Za\u0142ogi s\u0105 z r\u00f3\u017cnych stron Polski. Ubolewamy, \u017ce nie dolecieli do nas piloci z Litwy. S\u0105 &#8222;uziemieni&#8221; na lotnisku w Mariampolu. Mo\u017ce dolec\u0105 do nas w niedziel\u0119. W ubieg\u0142orocznym rajdzie brali te\u017c udzia\u0142 dziennikarze zagraniczni. Po wyl\u0105dowaniu w Elbl\u0105gu wszyscy uczestnicy udali si\u0119 w rejs statkiem po kanale Elbl\u0105skim. Recenzje, jakie si\u0119 potem ukaza\u0142y w prasie zagranicznej by\u0142y fantastyczne. Wszyscy byli zachwyceni krajobrazami. Szczeg\u00f3lne wra\u017cenie na uczestnikach i dziennikarzach wywar\u0142y pochylnie i \u015bluzy na szlaku Kana\u0142u Elbl\u0105skiego. Elbl\u0105g ma si\u0119 czym pochwali\u0107. Macie pi\u0119kn\u0105 Wysoczyzn\u0119, w zasi\u0119gu r\u0119ki Zalew Wi\u015blany. Dla turystyki lotniczej s\u0105 to pi\u0119kne tereny. Szkoda tylko, \u017ce tak s\u0142abo wypromowane przez wasze w\u0142adze &#8211; ko\u0144czy Stanis\u0142aw To\u0142wi\u0144ski.<\/div>\n<div>\nNiestety, na lotnisku nie pojawi\u0142 si\u0119 nikt z w\u0142adz miasta. A takie spotkanie z pewno\u015bci\u0105 by\u0142oby okazj\u0105 nie tylko do spotkania z pilotami, ale r\u00f3wnie\u017c do poznania opinii lotnik\u00f3w o mo\u017cliwo\u015bciach rozwoju i promocji miasta przez lotnictwo. Wiadomym jest, \u017ce wielu pilot\u00f3w nie ma zaufania do lotnisk trawiastych. S\u0105 one cz\u0119sto nier\u00f3wne, a po opadach deszczu &#8211; grz\u0105skie. Dlatego powstanie twardego pasa betonowego lub asfaltowego z pewno\u015bci\u0105 podnios\u0142oby rang\u0119 samego lotniska, a zw\u0142aszcza miasta Elbl\u0105ga. Mo\u017ce warto w ko\u0144cu o tym pomy\u015ble\u0107?<br \/>\nRajd po Warmii i Mazurach potrwa do niedzieli. Zako\u0144czenie imprezy odb\u0119dzie si\u0119 na lotnisku w K\u0119trzynie.<\/div>\n<div><\/div>\n<div>\u0179r\u00f3d\u0142o: <a href=\"http:\/\/www.portel.pl\" target=\"_blank\">http:\/\/www.portel.pl<\/a><\/div>\n","protected":false},"excerpt":{"rendered":"<p>8 czerwca na lotnisku Aeroklubu Elbl\u0105skiego go\u015bcili uczestnicy Mi\u0119dzynarodowego Rajdu po Lotniskach Warmii i Mazur. Dwunastu pilot\u00f3w bra\u0142o udzia\u0142 w konkurencji na celno\u015b\u0107 l\u0105dowania. Po kr\u00f3tkim pobycie za\u0142ogi odlec\u0105 z Elbl\u0105ga na kolejne lotniska, by o godz. 18 w Kikitach obejrze\u0107 mecz otwarcia Euro 2012. Zobacz\u00a0fotoreporta\u017c. &#8211; G\u0142\u00f3wnym celem rajdu jest promocja wielu fantastycznych miejsc [&hellip;]<\/p>\n","protected":false},"author":4,"featured_media":564,"comment_status":"closed","ping_status":"open","sticky":false,"template":"","format":"standard","meta":{"_et_pb_use_builder":"","_et_pb_old_content":"","_et_gb_content_width":""},"categories":[],"tags":[],"_links":{"self":[{"href":"http:\/\/aeroklubelblaski.pl\/index.php\/wp-json\/wp\/v2\/posts\/2563"}],"collection":[{"href":"http:\/\/aeroklubelblaski.pl\/index.php\/wp-json\/wp\/v2\/posts"}],"about":[{"href":"http:\/\/aeroklubelblaski.pl\/index.php\/wp-json\/wp\/v2\/types\/post"}],"author":[{"embeddable":true,"href":"http:\/\/aeroklubelblaski.pl\/index.php\/wp-json\/wp\/v2\/users\/4"}],"replies":[{"embeddable":true,"href":"http:\/\/aeroklubelblaski.pl\/index.php\/wp-json\/wp\/v2\/comments?post=2563"}],"version-history":[{"count":0,"href":"http:\/\/aeroklubelblaski.pl\/index.php\/wp-json\/wp\/v2\/posts\/2563\/revisions"}],"wp:featuredmedia":[{"embeddable":true,"href":"http:\/\/aeroklubelblaski.pl\/index.php\/wp-json\/wp\/v2\/media\/564"}],"wp:attachment":[{"href":"http:\/\/aeroklubelblaski.pl\/index.php\/wp-json\/wp\/v2\/media?parent=2563"}],"wp:term":[{"taxonomy":"category","embeddable":true,"href":"http:\/\/aeroklubelblaski.pl\/index.php\/wp-json\/wp\/v2\/categories?post=2563"},{"taxonomy":"post_tag","embeddable":true,"href":"http:\/\/aeroklubelblaski.pl\/index.php\/wp-json\/wp\/v2\/tags?post=2563"}],"curies":[{"name":"wp","href":"https:\/\/api.w.org\/{rel}","templated":true}]}}