{"id":2493,"date":"2012-02-13T18:32:10","date_gmt":"2012-02-13T16:32:10","guid":{"rendered":"http:\/\/ae.napisal.pl\/?p=493"},"modified":"2012-02-23T14:05:37","modified_gmt":"2012-02-23T12:05:37","slug":"loty-balonow","status":"publish","type":"post","link":"http:\/\/aeroklubelblaski.pl\/index.php\/2012\/02\/13\/loty-balonow\/","title":{"rendered":"Loty balon\u00f3w"},"content":{"rendered":"<p>W dniu 03.02.2012r. odby\u0142y si\u0119 loty balon\u00f3w na ogrzane powietrze wsp\u00f3\u0142organizowane przez Nasz Klub w zwi\u0105zku z wystaw\u0105 jaka zorganizowana jest w bibliotece na ul. \u015aw. Ducha.<\/p>\n<p><a href=\"\/galeria\/?album=all&amp;gallery=22\">Galeria zdj\u0119\u0107<\/a>.<\/p>\n","protected":false},"excerpt":{"rendered":"<p>W dniu 03.02.2012r. odby\u0142y si\u0119 loty balon\u00f3w na ogrzane powietrze wsp\u00f3\u0142organizowane przez Nasz Klub w zwi\u0105zku z wystaw\u0105 jaka zorganizowana jest w bibliotece na ul. \u015aw. Ducha. Galeria zdj\u0119\u0107.<\/p>\n","protected":false},"author":4,"featured_media":0,"comment_status":"closed","ping_status":"open","sticky":false,"template":"","format":"standard","meta":{"_et_pb_use_builder":"","_et_pb_old_content":"","_et_gb_content_width":""},"categories":[],"tags":[],"_links":{"self":[{"href":"http:\/\/aeroklubelblaski.pl\/index.php\/wp-json\/wp\/v2\/posts\/2493"}],"collection":[{"href":"http:\/\/aeroklubelblaski.pl\/index.php\/wp-json\/wp\/v2\/posts"}],"about":[{"href":"http:\/\/aeroklubelblaski.pl\/index.php\/wp-json\/wp\/v2\/types\/post"}],"author":[{"embeddable":true,"href":"http:\/\/aeroklubelblaski.pl\/index.php\/wp-json\/wp\/v2\/users\/4"}],"replies":[{"embeddable":true,"href":"http:\/\/aeroklubelblaski.pl\/index.php\/wp-json\/wp\/v2\/comments?post=2493"}],"version-history":[{"count":0,"href":"http:\/\/aeroklubelblaski.pl\/index.php\/wp-json\/wp\/v2\/posts\/2493\/revisions"}],"wp:attachment":[{"href":"http:\/\/aeroklubelblaski.pl\/index.php\/wp-json\/wp\/v2\/media?parent=2493"}],"wp:term":[{"taxonomy":"category","embeddable":true,"href":"http:\/\/aeroklubelblaski.pl\/index.php\/wp-json\/wp\/v2\/categories?post=2493"},{"taxonomy":"post_tag","embeddable":true,"href":"http:\/\/aeroklubelblaski.pl\/index.php\/wp-json\/wp\/v2\/tags?post=2493"}],"curies":[{"name":"wp","href":"https:\/\/api.w.org\/{rel}","templated":true}]}}