{"id":2488,"date":"2012-01-18T14:49:48","date_gmt":"2012-01-18T12:49:48","guid":{"rendered":"http:\/\/ae.napisal.pl\/?p=488"},"modified":"2012-02-09T17:21:53","modified_gmt":"2012-02-09T15:21:53","slug":"100-lecie-lotnictwa-w-elblagu","status":"publish","type":"post","link":"http:\/\/aeroklubelblaski.pl\/index.php\/2012\/01\/18\/100-lecie-lotnictwa-w-elblagu\/","title":{"rendered":"100 &#8211; lecie Lotnictwa w Elbl\u0105gu"},"content":{"rendered":"<p>Informujemy, \u017ce trwaj\u0105 przygotowania organizacyjne do obchod\u00f3w 100 &#8211; lecia Lotnictwa w Elbl\u0105gu we wsp\u00f3\u0142pracy z Urz\u0119dem Miejskim<\/p>\n","protected":false},"excerpt":{"rendered":"<p>Informujemy, \u017ce trwaj\u0105 przygotowania organizacyjne do obchod\u00f3w 100 &#8211; lecia Lotnictwa w Elbl\u0105gu we wsp\u00f3\u0142pracy z Urz\u0119dem Miejskim<\/p>\n","protected":false},"author":4,"featured_media":0,"comment_status":"closed","ping_status":"open","sticky":false,"template":"","format":"standard","meta":{"_et_pb_use_builder":"","_et_pb_old_content":"","_et_gb_content_width":""},"categories":[],"tags":[],"_links":{"self":[{"href":"http:\/\/aeroklubelblaski.pl\/index.php\/wp-json\/wp\/v2\/posts\/2488"}],"collection":[{"href":"http:\/\/aeroklubelblaski.pl\/index.php\/wp-json\/wp\/v2\/posts"}],"about":[{"href":"http:\/\/aeroklubelblaski.pl\/index.php\/wp-json\/wp\/v2\/types\/post"}],"author":[{"embeddable":true,"href":"http:\/\/aeroklubelblaski.pl\/index.php\/wp-json\/wp\/v2\/users\/4"}],"replies":[{"embeddable":true,"href":"http:\/\/aeroklubelblaski.pl\/index.php\/wp-json\/wp\/v2\/comments?post=2488"}],"version-history":[{"count":0,"href":"http:\/\/aeroklubelblaski.pl\/index.php\/wp-json\/wp\/v2\/posts\/2488\/revisions"}],"wp:attachment":[{"href":"http:\/\/aeroklubelblaski.pl\/index.php\/wp-json\/wp\/v2\/media?parent=2488"}],"wp:term":[{"taxonomy":"category","embeddable":true,"href":"http:\/\/aeroklubelblaski.pl\/index.php\/wp-json\/wp\/v2\/categories?post=2488"},{"taxonomy":"post_tag","embeddable":true,"href":"http:\/\/aeroklubelblaski.pl\/index.php\/wp-json\/wp\/v2\/tags?post=2488"}],"curies":[{"name":"wp","href":"https:\/\/api.w.org\/{rel}","templated":true}]}}