{"id":2486,"date":"2012-01-18T14:50:50","date_gmt":"2012-01-18T12:50:50","guid":{"rendered":"http:\/\/ae.napisal.pl\/?p=486"},"modified":"2012-02-09T17:20:36","modified_gmt":"2012-02-09T15:20:36","slug":"wystawa-modelarstwa","status":"publish","type":"post","link":"http:\/\/aeroklubelblaski.pl\/index.php\/2012\/01\/18\/wystawa-modelarstwa\/","title":{"rendered":"Wystawa modelarstwa"},"content":{"rendered":"<p>Wystawa modelarstwa pt.: Dorobek modelarstwa elbl\u0105skiego w dn. 06.02.2012r. &#8211; 26.02.2012r. w Bibliotece Elbl\u0105skiej im. Cypriana Norwida w Elbl\u0105gu. Ul. \u015aw. Ducha 3-7<\/p>\n<p>&nbsp;<\/p>\n","protected":false},"excerpt":{"rendered":"<p>Wystawa modelarstwa pt.: Dorobek modelarstwa elbl\u0105skiego w dn. 06.02.2012r. &#8211; 26.02.2012r. w Bibliotece Elbl\u0105skiej im. Cypriana Norwida w Elbl\u0105gu. Ul. \u015aw. Ducha 3-7 &nbsp;<\/p>\n","protected":false},"author":4,"featured_media":0,"comment_status":"closed","ping_status":"open","sticky":false,"template":"","format":"standard","meta":{"_et_pb_use_builder":"","_et_pb_old_content":"","_et_gb_content_width":""},"categories":[],"tags":[],"_links":{"self":[{"href":"http:\/\/aeroklubelblaski.pl\/index.php\/wp-json\/wp\/v2\/posts\/2486"}],"collection":[{"href":"http:\/\/aeroklubelblaski.pl\/index.php\/wp-json\/wp\/v2\/posts"}],"about":[{"href":"http:\/\/aeroklubelblaski.pl\/index.php\/wp-json\/wp\/v2\/types\/post"}],"author":[{"embeddable":true,"href":"http:\/\/aeroklubelblaski.pl\/index.php\/wp-json\/wp\/v2\/users\/4"}],"replies":[{"embeddable":true,"href":"http:\/\/aeroklubelblaski.pl\/index.php\/wp-json\/wp\/v2\/comments?post=2486"}],"version-history":[{"count":0,"href":"http:\/\/aeroklubelblaski.pl\/index.php\/wp-json\/wp\/v2\/posts\/2486\/revisions"}],"wp:attachment":[{"href":"http:\/\/aeroklubelblaski.pl\/index.php\/wp-json\/wp\/v2\/media?parent=2486"}],"wp:term":[{"taxonomy":"category","embeddable":true,"href":"http:\/\/aeroklubelblaski.pl\/index.php\/wp-json\/wp\/v2\/categories?post=2486"},{"taxonomy":"post_tag","embeddable":true,"href":"http:\/\/aeroklubelblaski.pl\/index.php\/wp-json\/wp\/v2\/tags?post=2486"}],"curies":[{"name":"wp","href":"https:\/\/api.w.org\/{rel}","templated":true}]}}