{"id":2480,"date":"2012-01-10T13:18:08","date_gmt":"2012-01-10T11:18:08","guid":{"rendered":"http:\/\/ae.napisal.pl\/?p=480"},"modified":"2012-02-09T17:11:17","modified_gmt":"2012-02-09T15:11:17","slug":"zarzad-ae","status":"publish","type":"post","link":"http:\/\/aeroklubelblaski.pl\/index.php\/2012\/01\/10\/zarzad-ae\/","title":{"rendered":"Zarz\u0105d AE"},"content":{"rendered":"<p>W dniu 12.01.2012r o godzinie 18, odb\u0119dzie si\u0119 zebranie zarz\u0105du Aeroklubu Elbl\u0105skiego.<\/p>\n","protected":false},"excerpt":{"rendered":"<p>W dniu 12.01.2012r o godzinie 18, odb\u0119dzie si\u0119 zebranie zarz\u0105du Aeroklubu Elbl\u0105skiego.<\/p>\n","protected":false},"author":4,"featured_media":0,"comment_status":"closed","ping_status":"open","sticky":false,"template":"","format":"standard","meta":{"_et_pb_use_builder":"","_et_pb_old_content":"","_et_gb_content_width":""},"categories":[],"tags":[],"_links":{"self":[{"href":"http:\/\/aeroklubelblaski.pl\/index.php\/wp-json\/wp\/v2\/posts\/2480"}],"collection":[{"href":"http:\/\/aeroklubelblaski.pl\/index.php\/wp-json\/wp\/v2\/posts"}],"about":[{"href":"http:\/\/aeroklubelblaski.pl\/index.php\/wp-json\/wp\/v2\/types\/post"}],"author":[{"embeddable":true,"href":"http:\/\/aeroklubelblaski.pl\/index.php\/wp-json\/wp\/v2\/users\/4"}],"replies":[{"embeddable":true,"href":"http:\/\/aeroklubelblaski.pl\/index.php\/wp-json\/wp\/v2\/comments?post=2480"}],"version-history":[{"count":0,"href":"http:\/\/aeroklubelblaski.pl\/index.php\/wp-json\/wp\/v2\/posts\/2480\/revisions"}],"wp:attachment":[{"href":"http:\/\/aeroklubelblaski.pl\/index.php\/wp-json\/wp\/v2\/media?parent=2480"}],"wp:term":[{"taxonomy":"category","embeddable":true,"href":"http:\/\/aeroklubelblaski.pl\/index.php\/wp-json\/wp\/v2\/categories?post=2480"},{"taxonomy":"post_tag","embeddable":true,"href":"http:\/\/aeroklubelblaski.pl\/index.php\/wp-json\/wp\/v2\/tags?post=2480"}],"curies":[{"name":"wp","href":"https:\/\/api.w.org\/{rel}","templated":true}]}}