{"id":2474,"date":"2011-12-21T13:59:42","date_gmt":"2011-12-21T11:59:42","guid":{"rendered":"http:\/\/ae.napisal.pl\/?p=474"},"modified":"2012-02-09T17:07:49","modified_gmt":"2012-02-09T15:07:49","slug":"zebranie-zarzadu-ae","status":"publish","type":"post","link":"http:\/\/aeroklubelblaski.pl\/index.php\/2011\/12\/21\/zebranie-zarzadu-ae\/","title":{"rendered":"Zebranie Zarz\u0105du AE"},"content":{"rendered":"<p>Dnia 05-12-2011 r. odby\u0142o si\u0119 zebranie Zarz\u0105du AE.\u00a0G\u0142\u00f3wnym tematem, by\u0142 wyb\u00f3r Dyrektora AE.\u00a0Zarz\u0105d po wys\u0142uchaniu opinii zebranych Koleg\u00f3w, we w\u0142asnym, \u015bcis\u0142ym gronie, wybra\u0142 P. Macieja Le\u015bniewskiego na Dyrektora AE.<\/p>\n","protected":false},"excerpt":{"rendered":"<p>Dnia 05-12-2011 r. odby\u0142o si\u0119 zebranie Zarz\u0105du AE.\u00a0G\u0142\u00f3wnym tematem, by\u0142 wyb\u00f3r Dyrektora AE.\u00a0Zarz\u0105d po wys\u0142uchaniu opinii zebranych Koleg\u00f3w, we w\u0142asnym, \u015bcis\u0142ym gronie, wybra\u0142 P. Macieja Le\u015bniewskiego na Dyrektora AE.<\/p>\n","protected":false},"author":4,"featured_media":0,"comment_status":"closed","ping_status":"open","sticky":false,"template":"","format":"standard","meta":{"_et_pb_use_builder":"","_et_pb_old_content":"","_et_gb_content_width":""},"categories":[],"tags":[],"_links":{"self":[{"href":"http:\/\/aeroklubelblaski.pl\/index.php\/wp-json\/wp\/v2\/posts\/2474"}],"collection":[{"href":"http:\/\/aeroklubelblaski.pl\/index.php\/wp-json\/wp\/v2\/posts"}],"about":[{"href":"http:\/\/aeroklubelblaski.pl\/index.php\/wp-json\/wp\/v2\/types\/post"}],"author":[{"embeddable":true,"href":"http:\/\/aeroklubelblaski.pl\/index.php\/wp-json\/wp\/v2\/users\/4"}],"replies":[{"embeddable":true,"href":"http:\/\/aeroklubelblaski.pl\/index.php\/wp-json\/wp\/v2\/comments?post=2474"}],"version-history":[{"count":0,"href":"http:\/\/aeroklubelblaski.pl\/index.php\/wp-json\/wp\/v2\/posts\/2474\/revisions"}],"wp:attachment":[{"href":"http:\/\/aeroklubelblaski.pl\/index.php\/wp-json\/wp\/v2\/media?parent=2474"}],"wp:term":[{"taxonomy":"category","embeddable":true,"href":"http:\/\/aeroklubelblaski.pl\/index.php\/wp-json\/wp\/v2\/categories?post=2474"},{"taxonomy":"post_tag","embeddable":true,"href":"http:\/\/aeroklubelblaski.pl\/index.php\/wp-json\/wp\/v2\/tags?post=2474"}],"curies":[{"name":"wp","href":"https:\/\/api.w.org\/{rel}","templated":true}]}}